{"id":2053,"date":"2025-10-24T12:15:00","date_gmt":"2025-10-24T10:15:00","guid":{"rendered":"https:\/\/medical.edu.pl\/aktualnosci\/?p=2053"},"modified":"2025-10-24T12:15:00","modified_gmt":"2025-10-24T10:15:00","slug":"co-moze-wplywac-na-wypadanie-wlosow","status":"publish","type":"post","link":"https:\/\/medical.edu.pl\/aktualnosci\/co-moze-wplywac-na-wypadanie-wlosow\/","title":{"rendered":"Co mo\u017ce wp\u0142ywa\u0107 na wypadanie w\u0142os\u00f3w?"},"content":{"rendered":"\n<p>Wyobra\u017a sobie poranek, gdy zauwa\u017casz coraz wi\u0119cej w\u0142os\u00f3w na szczotce. My\u015blisz: stres, sezonowa zmiana, mo\u017ce nowy szampon? Tymczasem przyczyny mog\u0105 si\u0119ga\u0107 g\u0142\u0119biej. Utrata kosmyk\u00f3w to efekt wielu czynnik\u00f3w \u2013 od genetyki i hormon\u00f3w po diet\u0119 i piel\u0119gnacyjne b\u0142\u0119dy. Co ciekawe, <strong>codziennie tracimy od 50 do 100 w\u0142os\u00f3w i jest to zupe\u0142nie naturalne<\/strong> (medihair.com). Natomiast je\u015bli zauwa\u017cysz u siebie nadmierne wypadanie w\u0142os\u00f3w, nie zwlekaj z wizyt\u0105 u specjalisty. W tym artykule dowiesz si\u0119, dlaczego nie warto bagatelizowa\u0107 tego problemu.<\/p>\n\n\n\n<div id=\"ez-toc-container\" class=\"ez-toc-v2_0_76 counter-hierarchy ez-toc-counter ez-toc-grey ez-toc-container-direction\">\n<div class=\"ez-toc-title-container\">\n<span class=\"ez-toc-title-toggle\"><a href=\"#\" class=\"ez-toc-pull-right ez-toc-btn ez-toc-btn-xs ez-toc-btn-default ez-toc-toggle\" aria-label=\"Toggle Table of Content\"><span class=\"ez-toc-js-icon-con\"><span class=\"\"><span class=\"eztoc-hide\" style=\"display:none;\">Toggle<\/span><span class=\"ez-toc-icon-toggle-span\"><svg style=\"fill: #999;color:#999\" xmlns=\"http:\/\/www.w3.org\/2000\/svg\" class=\"list-377408\" width=\"20px\" height=\"20px\" viewBox=\"0 0 24 24\" fill=\"none\"><path d=\"M6 6H4v2h2V6zm14 0H8v2h12V6zM4 11h2v2H4v-2zm16 0H8v2h12v-2zM4 16h2v2H4v-2zm16 0H8v2h12v-2z\" fill=\"currentColor\"><\/path><\/svg><svg style=\"fill: #999;color:#999\" class=\"arrow-unsorted-368013\" xmlns=\"http:\/\/www.w3.org\/2000\/svg\" width=\"10px\" height=\"10px\" viewBox=\"0 0 24 24\" version=\"1.2\" baseProfile=\"tiny\"><path d=\"M18.2 9.3l-6.2-6.3-6.2 6.3c-.2.2-.3.4-.3.7s.1.5.3.7c.2.2.4.3.7.3h11c.3 0 .5-.1.7-.3.2-.2.3-.5.3-.7s-.1-.5-.3-.7zM5.8 14.7l6.2 6.3 6.2-6.3c.2-.2.3-.5.3-.7s-.1-.5-.3-.7c-.2-.2-.4-.3-.7-.3h-11c-.3 0-.5.1-.7.3-.2.2-.3.5-.3.7s.1.5.3.7z\"\/><\/svg><\/span><\/span><\/span><\/a><\/span><\/div>\n<nav><ul class='ez-toc-list ez-toc-list-level-1 ' ><li class='ez-toc-page-1 ez-toc-heading-level-2'><a class=\"ez-toc-link ez-toc-heading-1\" href=\"https:\/\/medical.edu.pl\/aktualnosci\/co-moze-wplywac-na-wypadanie-wlosow\/#Wypadanie_wlosow_%E2%80%93_jakie_sa_przyczyny\" >Wypadanie w\u0142os\u00f3w \u2013 jakie s\u0105 przyczyny?<\/a><\/li><li class='ez-toc-page-1 ez-toc-heading-level-2'><a class=\"ez-toc-link ez-toc-heading-2\" href=\"https:\/\/medical.edu.pl\/aktualnosci\/co-moze-wplywac-na-wypadanie-wlosow\/#Czynniki_zdrowotne_jako_przyczyny_wypadania_wlosow\" >Czynniki zdrowotne jako przyczyny wypadania w\u0142os\u00f3w<\/a><\/li><li class='ez-toc-page-1 ez-toc-heading-level-2'><a class=\"ez-toc-link ez-toc-heading-3\" href=\"https:\/\/medical.edu.pl\/aktualnosci\/co-moze-wplywac-na-wypadanie-wlosow\/#Wplyw_styl_zycia_i_dieta\" >Wp\u0142yw styl \u017cycia i dieta<\/a><\/li><li class='ez-toc-page-1 ez-toc-heading-level-2'><a class=\"ez-toc-link ez-toc-heading-4\" href=\"https:\/\/medical.edu.pl\/aktualnosci\/co-moze-wplywac-na-wypadanie-wlosow\/#Pielegnacja_wlosow_i_skory_glowy\" >Piel\u0119gnacja w\u0142os\u00f3w i sk\u00f3ry g\u0142owy<\/a><\/li><li class='ez-toc-page-1 ez-toc-heading-level-2'><a class=\"ez-toc-link ez-toc-heading-5\" href=\"https:\/\/medical.edu.pl\/aktualnosci\/co-moze-wplywac-na-wypadanie-wlosow\/#Czynniki_genetyczne_i_wiek\" >Czynniki genetyczne i wiek<\/a><\/li><li class='ez-toc-page-1 ez-toc-heading-level-2'><a class=\"ez-toc-link ez-toc-heading-6\" href=\"https:\/\/medical.edu.pl\/aktualnosci\/co-moze-wplywac-na-wypadanie-wlosow\/#Jakie_badanie_na_wypadanie_wlosow_i_kiedy_zglosic_sie_do_specjalisty\" >Jakie badanie na wypadanie w\u0142os\u00f3w i kiedy zg\u0142osi\u0107 si\u0119 do specjalisty?<\/a><\/li><li class='ez-toc-page-1 ez-toc-heading-level-2'><a class=\"ez-toc-link ez-toc-heading-7\" href=\"https:\/\/medical.edu.pl\/aktualnosci\/co-moze-wplywac-na-wypadanie-wlosow\/#Kurs_trychologiczny_%E2%80%93_jak_rozwijac_sie_w_nowej_dziedzinie\" >Kurs trychologiczny \u2013 jak rozwija\u0107 si\u0119 w nowej dziedzinie?<\/a><\/li><li class='ez-toc-page-1 ez-toc-heading-level-2'><a class=\"ez-toc-link ez-toc-heading-8\" href=\"https:\/\/medical.edu.pl\/aktualnosci\/co-moze-wplywac-na-wypadanie-wlosow\/#FAQ\" >FAQ<\/a><ul class='ez-toc-list-level-3' ><li class='ez-toc-heading-level-3'><a class=\"ez-toc-link ez-toc-heading-9\" href=\"https:\/\/medical.edu.pl\/aktualnosci\/co-moze-wplywac-na-wypadanie-wlosow\/#Dlaczego_wypadaja_wlosy_po_ciazy\" >Dlaczego wypadaj\u0105 w\u0142osy po ci\u0105\u017cy?<\/a><\/li><li class='ez-toc-page-1 ez-toc-heading-level-3'><a class=\"ez-toc-link ez-toc-heading-10\" href=\"https:\/\/medical.edu.pl\/aktualnosci\/co-moze-wplywac-na-wypadanie-wlosow\/#Czy_stres_powoduje_lysienie\" >Czy stres powoduje \u0142ysienie?<\/a><\/li><li class='ez-toc-page-1 ez-toc-heading-level-3'><a class=\"ez-toc-link ez-toc-heading-11\" href=\"https:\/\/medical.edu.pl\/aktualnosci\/co-moze-wplywac-na-wypadanie-wlosow\/#Jak_zatrzymac_wypadanie_wlosow\" >Jak zatrzyma\u0107 wypadanie w\u0142os\u00f3w?<\/a><\/li><li class='ez-toc-page-1 ez-toc-heading-level-3'><a class=\"ez-toc-link ez-toc-heading-12\" href=\"https:\/\/medical.edu.pl\/aktualnosci\/co-moze-wplywac-na-wypadanie-wlosow\/#Ile_kosztuje_wizyta_u_trychologa\" >Ile kosztuje wizyta u trychologa?<\/a><\/li><\/ul><\/li><\/ul><\/nav><\/div>\n<h2 class=\"wp-block-heading\"><span class=\"ez-toc-section\" id=\"Wypadanie_wlosow_%E2%80%93_jakie_sa_przyczyny\"><\/span>Wypadanie w\u0142os\u00f3w \u2013 jakie s\u0105 przyczyny?<span class=\"ez-toc-section-end\"><\/span><\/h2>\n\n\n\n<p>Wypadanie w\u0142os\u00f3w jest zjawiskiem fizjologicznym. Je\u015bli jednak ilo\u015b\u0107 ta znacz\u0105co si\u0119 zwi\u0119ksza, mo\u017ce to oznacza\u0107 <strong>problem wymagaj\u0105cy interwencji<\/strong>. Z czym wi\u0105\u017ce si\u0119 wypadanie w\u0142os\u00f3w? Przyczyny s\u0105 bardzo r\u00f3\u017cne, a cz\u0119sto tak\u017ce nak\u0142adaj\u0105 si\u0119 na siebie. W\u015br\u00f3d nich wst\u0119puj\u0105: czynniki zdrowotne, styl \u017cycia i dieta, \u2026<\/p>\n\n\n\n<blockquote class=\"wp-block-quote is-layout-flow wp-block-quote-is-layout-flow\">\n<p><a href=\"https:\/\/medical.edu.pl\/kursy\/259\/kurs-trychologiczny\"><em>ZAINWESTUJ W SWOJ\u0104 WIEDZ\u0118 \u2013 ZOSTA\u0143 PROFESJONALIST\u0104 W DZIEDZINIE TRYCHOLOGII!<\/em><\/a><\/p>\n<\/blockquote>\n\n\n\n<h2 class=\"wp-block-heading\"><span class=\"ez-toc-section\" id=\"Czynniki_zdrowotne_jako_przyczyny_wypadania_wlosow\"><\/span>Czynniki zdrowotne jako przyczyny wypadania w\u0142os\u00f3w<span class=\"ez-toc-section-end\"><\/span><\/h2>\n\n\n\n<p><strong>Stan sk\u00f3ry g\u0142owy i organizmu ma ogromny wp\u0142yw na kondycj\u0119 w\u0142os\u00f3w<\/strong>. Dobrze jest wi\u0119c przyjrze\u0107 si\u0119 mo\u017cliwym przyczynom zdrowotnym takim jak:<\/p>\n\n\n\n<ul class=\"wp-block-list\">\n<li><strong>choroby sk\u00f3ry g\u0142owy<\/strong>, takie jak \u0142uszczyca, grzybica czy \u0142ojotokowe zapalenie sk\u00f3ry;<\/li>\n\n\n\n<li><strong>zaburzenia hormonalne<\/strong> \u2013 m.in. niedoczynno\u015b\u0107 lub nadczynno\u015b\u0107 tarczycy, nadmiar androgen\u00f3w, okres menopauzy;<\/li>\n\n\n\n<li><strong>niedobory witamin i minera\u0142\u00f3w<\/strong>, zw\u0142aszcza \u017celaza, cynku, witaminy D i biotyny;<\/li>\n\n\n\n<li><strong>przewlek\u0142e choroby i skutki uboczne za\u017cywania lek\u00f3w<\/strong> (chemioterapia, immunosupresja).<\/li>\n<\/ul>\n\n\n\n<p>Je\u015bli chcesz dowiedzie\u0107 si\u0119, jakie badanie na wypadanie w\u0142os\u00f3w mo\u017ce pom\u00f3c w ustaleniu przyczyny, rozwa\u017c konsultacj\u0119 specjalistyczn\u0105. Coraz wi\u0119ksz\u0105 popularno\u015b\u0107 zyskuje <a href=\"https:\/\/medical.edu.pl\/kursy\/259\/kurs-trychologiczny\">Kurs Trychologiczny<\/a>, kt\u00f3ry <strong>umo\u017cliwia zdobycie wiedzy o diagnostyce w\u0142os\u00f3w i sk\u00f3ry g\u0142owy <\/strong>\u2013 nie tylko dla specjalist\u00f3w, ale i os\u00f3b zainteresowanych tematyk\u0105 zdrowych w\u0142os\u00f3w.<\/p>\n\n\n\n<figure class=\"wp-block-image size-large\"><a href=\"https:\/\/medical.edu.pl\/kursy\/259\/kurs-trychologiczny\"><img loading=\"lazy\" decoding=\"async\" width=\"1024\" height=\"256\" src=\"https:\/\/medical.edu.pl\/aktualnosci\/wp-content\/uploads\/2018\/06\/baner_linkuj\u0105cy-1024x256.png\" alt=\"wypadanie w\u0142os\u00f3w przyczyny\n\" class=\"wp-image-1027\" srcset=\"https:\/\/medical.edu.pl\/aktualnosci\/wp-content\/uploads\/2018\/06\/baner_linkuj\u0105cy-1024x256.png 1024w, https:\/\/medical.edu.pl\/aktualnosci\/wp-content\/uploads\/2018\/06\/baner_linkuj\u0105cy-300x75.png 300w, https:\/\/medical.edu.pl\/aktualnosci\/wp-content\/uploads\/2018\/06\/baner_linkuj\u0105cy-768x192.png 768w, https:\/\/medical.edu.pl\/aktualnosci\/wp-content\/uploads\/2018\/06\/baner_linkuj\u0105cy-696x174.png 696w, https:\/\/medical.edu.pl\/aktualnosci\/wp-content\/uploads\/2018\/06\/baner_linkuj\u0105cy.png 1040w\" sizes=\"auto, (max-width: 1024px) 100vw, 1024px\" \/><\/a><\/figure>\n\n\n\n<h2 class=\"wp-block-heading\"><span class=\"ez-toc-section\" id=\"Wplyw_styl_zycia_i_dieta\"><\/span>Wp\u0142yw styl \u017cycia i dieta<span class=\"ez-toc-section-end\"><\/span><\/h2>\n\n\n\n<p>Nie tylko geny czy hormony wp\u0142ywaj\u0105 na nadmierne wypadanie w\u0142os\u00f3w. Ogromn\u0105 rol\u0119 odgrywa codzienny styl \u017cycia. <strong>Wsp\u00f3\u0142czesne tempo, stres i z\u0142a dieta potrafi\u0105 os\u0142abi\u0107 w\u0142osy bardziej, ni\u017c si\u0119 wydaje<\/strong>.<\/p>\n\n\n\n<p><strong>Najcz\u0119stsze czynniki zwi\u0105zane ze stylem \u017cycia obejmuj\u0105<\/strong>:<\/p>\n\n\n\n<ul class=\"wp-block-list\">\n<li>niedobory bia\u0142ka, witamin z grupy B oraz sk\u0142adnik\u00f3w mineralnych w diecie;<\/li>\n\n\n\n<li>chroniczny stres prowadz\u0105cy do tzw. telogenowego wypadania w\u0142os\u00f3w;<\/li>\n\n\n\n<li>palenie papieros\u00f3w i nadu\u017cywanie alkoholu;<\/li>\n\n\n\n<li>brak odpowiedniej ilo\u015bci snu i regeneracji.<\/li>\n<\/ul>\n\n\n\n<p>Aby ograniczy\u0107 ryzyko utraty w\u0142os\u00f3w, postaw na<strong> zr\u00f3wnowa\u017con\u0105 diet\u0119 i relaks<\/strong>. Wypadaj\u0105ce w\u0142osy cz\u0119sto s\u0105 jednym z pierwszych sygna\u0142\u00f3w, \u017ce organizm potrzebuje odpoczynku i lepszej troski o siebie.<\/p>\n\n\n\n<h2 class=\"wp-block-heading\"><span class=\"ez-toc-section\" id=\"Pielegnacja_wlosow_i_skory_glowy\"><\/span>Piel\u0119gnacja w\u0142os\u00f3w i sk\u00f3ry g\u0142owy<span class=\"ez-toc-section-end\"><\/span><\/h2>\n\n\n\n<p>Nieprawid\u0142owa piel\u0119gnacja potrafi skutecznie os\u0142abi\u0107 struktur\u0119 w\u0142os\u00f3w i cebulek. Wbrew pozorom, <strong>nawet \u201enajlepsze\u201d kosmetyki mog\u0105 szkodzi\u0107, je\u015bli s\u0105 \u017ale dobrane<\/strong>.<\/p>\n\n\n\n<p>Najcz\u0119stsze b\u0142\u0119dy to:<\/p>\n\n\n\n<ul class=\"wp-block-list\">\n<li><strong>nadmierne stosowanie kosmetyk\u00f3w stylizuj\u0105cych i farb chemicznych<\/strong>, kt\u00f3re os\u0142abiaj\u0105 struktur\u0119 w\u0142osa;<\/li>\n\n\n\n<li><strong>u\u017cywanie agresywnych szampon\u00f3w z SLS<\/strong>, mog\u0105cych przesusza\u0107 sk\u00f3r\u0119 g\u0142owy;<\/li>\n\n\n\n<li><strong>brak regularnego oczyszczania sk\u00f3ry g\u0142owy<\/strong> z sebum i zanieczyszcze\u0144;<\/li>\n\n\n\n<li><strong>mycie w\u0142os\u00f3w w zbyt gor\u0105cej wodzie i suszenie ich wysok\u0105 temperatur\u0105<\/strong>, co prowadzi do utraty blasku i elastyczno\u015bci.<\/li>\n<\/ul>\n\n\n\n<p>Je\u015bli zastanawiasz si\u0119, co to jest piel\u0119gnacja w\u0142os\u00f3w w uj\u0119ciu profesjonalnym \u2013 to nie tylko kosmetyki, ale<strong> ca\u0142y proces dbania o r\u00f3wnowag\u0119 sk\u00f3ry g\u0142owy.<\/strong> Dlatego coraz wi\u0119cej os\u00f3b interesuje si\u0119 tematyk\u0105, jak powinna wygl\u0105da\u0107 piel\u0119gnacja w\u0142os\u00f3w, by wspiera\u0107 naturalny cykl wzrostu i ogranicza\u0107 ich utrat\u0119.<\/p>\n\n\n\n<h2 class=\"wp-block-heading\"><span class=\"ez-toc-section\" id=\"Czynniki_genetyczne_i_wiek\"><\/span>Czynniki genetyczne i wiek<span class=\"ez-toc-section-end\"><\/span><\/h2>\n\n\n\n<p>Nie mo\u017cna zapomina\u0107, \u017ce wypadanie w\u0142os\u00f3w przyczyny ma te\u017c w naszym DNA. <strong>Dziedziczne \u0142ysienie androgenowe<\/strong> jest jedn\u0105 z najcz\u0119stszych form utraty w\u0142os\u00f3w.<\/p>\n\n\n\n<p>Warto wiedzie\u0107, jak je rozpozna\u0107 i na co zwr\u00f3ci\u0107 uwag\u0119:<\/p>\n\n\n\n<ul class=\"wp-block-list\">\n<li><strong>u m\u0119\u017cczyzn<\/strong> objawia si\u0119 cofni\u0119ciem linii w\u0142os\u00f3w na skroniach i przerzedzeniem na czubku g\u0142owy (perfecthairclinic.pl);<\/li>\n\n\n\n<li><strong>u kobiet<\/strong> prowadzi do stopniowego rozrzedzenia w\u0142os\u00f3w na czubku g\u0142owy przy zachowanej linii czo\u0142a;<\/li>\n\n\n\n<li><strong>proces post\u0119puje powoli<\/strong>, ale mo\u017ce nasila\u0107 si\u0119 wraz z wiekiem;<\/li>\n\n\n\n<li><strong>czynniki hormonalne<\/strong>, takie jak wahania testosteronu czy spadek poziomu estrogen\u00f3w w okresie menopauzy, mog\u0105 przyspieszy\u0107 rozw\u00f3j \u0142ysienia.<\/li>\n<\/ul>\n\n\n\n<p><strong>Starzenie si\u0119 organizmu to r\u00f3wnie\u017c naturalny proces, w kt\u00f3rym cebulki w\u0142os\u00f3w staj\u0105 si\u0119 s\u0142absze<\/strong>, a regeneracja wolniejsza. Cho\u0107 nie da si\u0119 tego zatrzyma\u0107, odpowiednia piel\u0119gnacja i zdrowy tryb \u017cycia potrafi\u0105 znacznie spowolni\u0107 te zmiany.<\/p>\n\n\n\n<figure class=\"wp-block-image size-large\"><img loading=\"lazy\" decoding=\"async\" width=\"1024\" height=\"683\" src=\"https:\/\/medical.edu.pl\/aktualnosci\/wp-content\/uploads\/2025\/10\/nadmierne-wypadanie-wlosow-1024x683.jpg\" alt=\"nadmierne wypadanie w\u0142os\u00f3w\" class=\"wp-image-2054\" srcset=\"https:\/\/medical.edu.pl\/aktualnosci\/wp-content\/uploads\/2025\/10\/nadmierne-wypadanie-wlosow-1024x683.jpg 1024w, https:\/\/medical.edu.pl\/aktualnosci\/wp-content\/uploads\/2025\/10\/nadmierne-wypadanie-wlosow-300x200.jpg 300w, https:\/\/medical.edu.pl\/aktualnosci\/wp-content\/uploads\/2025\/10\/nadmierne-wypadanie-wlosow-768x512.jpg 768w, https:\/\/medical.edu.pl\/aktualnosci\/wp-content\/uploads\/2025\/10\/nadmierne-wypadanie-wlosow-1536x1024.jpg 1536w, https:\/\/medical.edu.pl\/aktualnosci\/wp-content\/uploads\/2025\/10\/nadmierne-wypadanie-wlosow-2048x1365.jpg 2048w, https:\/\/medical.edu.pl\/aktualnosci\/wp-content\/uploads\/2025\/10\/nadmierne-wypadanie-wlosow-696x464.jpg 696w, https:\/\/medical.edu.pl\/aktualnosci\/wp-content\/uploads\/2025\/10\/nadmierne-wypadanie-wlosow-1068x712.jpg 1068w, https:\/\/medical.edu.pl\/aktualnosci\/wp-content\/uploads\/2025\/10\/nadmierne-wypadanie-wlosow-630x420.jpg 630w\" sizes=\"auto, (max-width: 1024px) 100vw, 1024px\" \/><\/figure>\n\n\n\n<h2 class=\"wp-block-heading\"><span class=\"ez-toc-section\" id=\"Jakie_badanie_na_wypadanie_wlosow_i_kiedy_zglosic_sie_do_specjalisty\"><\/span>Jakie badanie na wypadanie w\u0142os\u00f3w i kiedy zg\u0142osi\u0107 si\u0119 do specjalisty?<span class=\"ez-toc-section-end\"><\/span><\/h2>\n\n\n\n<p><strong>Nie ka\u017cde wypadanie w\u0142os\u00f3w wymaga leczenia<\/strong>, ale s\u0105 sytuacje, kt\u00f3re powinny nas zaniepokoi\u0107. Je\u015bli zmniejsza si\u0119 ich ilo\u015b\u0107, a sk\u00f3ra g\u0142owy staje si\u0119 bolesna lub pojawiaj\u0105 si\u0119 ogniska \u0142ysienia, trzeba dzia\u0142a\u0107 od razu.<\/p>\n\n\n\n<p><strong>Kt\u00f3re objawy wymagaj\u0105 szybkiej konsultacji? Przede wszystkim:<\/strong><\/p>\n\n\n\n<ul class=\"wp-block-list\">\n<li>nag\u0142e, r\u00f3wnomierne przerzedzenie w\u0142os\u00f3w;<\/li>\n\n\n\n<li>\u0142ysienie plackowate;<\/li>\n\n\n\n<li>\u015bwi\u0105d, pieczenie lub b\u00f3l sk\u00f3ry g\u0142owy;<\/li>\n\n\n\n<li>brak poprawy mimo zmiany diety i kosmetyk\u00f3w.<\/li>\n<\/ul>\n\n\n\n<p>W takiej sytuacji nale\u017cy wykona\u0107 badanie u trychologa. To specjalista, kt\u00f3ry <strong>analizuje stan sk\u00f3ry g\u0142owy i w\u0142os\u00f3w, a nast\u0119pnie dobiera odpowiedni\u0105 terapi\u0119. <\/strong>Je\u015bli zastanawiasz si\u0119, jakie badanie na wypadanie w\u0142os\u00f3w jest najbardziej skuteczne \u2013 to w\u0142a\u015bnie <strong>trychoskopia<\/strong>, pozwalaj\u0105ca oceni\u0107 stan cebulek i naczy\u0144 sk\u00f3ry.<\/p>\n\n\n\n<p>Je\u015bli chcesz wiedzie\u0107 wi\u0119cej o samym zawodzie, sprawd\u017a tak\u017ce, <a href=\"https:\/\/medical.edu.pl\/aktualnosci\/ile-zarabia-trycholog\/\">ile zarabia trycholog.<\/a><\/p>\n\n\n\n<h2 class=\"wp-block-heading\"><span class=\"ez-toc-section\" id=\"Kurs_trychologiczny_%E2%80%93_jak_rozwijac_sie_w_nowej_dziedzinie\"><\/span>Kurs trychologiczny \u2013 jak rozwija\u0107 si\u0119 w nowej dziedzinie?<span class=\"ez-toc-section-end\"><\/span><\/h2>\n\n\n\n<p>Rosn\u0105ce zainteresowanie problemami w\u0142os\u00f3w i sk\u00f3ry g\u0142owy sprawia, \u017ce trychologia staje si\u0119 coraz popularniejsz\u0105 specjalizacj\u0105. Dla os\u00f3b z <strong>bran\u017cy kosmetycznej, medycznej czy fryzjerskiej <\/strong>to szansa na rozw\u00f3j zawodowy i zdobycie nowych kwalifikacji.<\/p>\n\n\n\n<p>Dlaczego warto uko\u0144czy\u0107 Kurs Trychologiczny na platformie medical.edu.pl? Korzy\u015bci jest wiele natomiast najwa\u017cniejsze z nich to:<\/p>\n\n\n\n<ul class=\"wp-block-list\">\n<li>mo\u017cliwo\u015b\u0107 zdobycia <strong>wiedzy i umiej\u0119tno\u015bci <\/strong>z zakresu diagnostyki oraz piel\u0119gnacji sk\u00f3ry g\u0142owy;<\/li>\n\n\n\n<li>szansa na znalezienie pracy w <strong>gabinetach trychologicznych, salonach kosmetycznych i prowadzenie w\u0142asnej dzia\u0142alno\u015bci;<\/strong><\/li>\n\n\n\n<li>dost\u0119p do platformy edukacyjnej, dzi\u0119ki kt\u00f3rej mo\u017cesz przyswaja\u0107 wiedz\u0119 wtedy kiedy chcesz i jak chcesz.<\/li>\n<\/ul>\n\n\n\n<p>Program kursu obejmuje m.in. <strong>anatomi\u0119 sk\u00f3ry g\u0142owy, trychoskopi\u0119, zasady BHP w gabinecie oraz opracowywanie indywidualnych plan\u00f3w terapii.<\/strong> To doskona\u0142y wyb\u00f3r tak\u017ce dla os\u00f3b, kt\u00f3re dopiero zaczynaj\u0105 przygod\u0119 z trychologi\u0105.<\/p>\n\n\n\n<p>Nie pozw\u00f3l, by nadmierne wypadanie w\u0142os\u00f3w zdominowa\u0142o samopoczucie Twoich klient\u00f3w. Odwied\u017a medical.edu.pl, wybierz kurs i zdob\u0105d\u017a kompetencje, kt\u00f3re pozwol\u0105 Ci <strong>profesjonalnie wspiera\u0107 innych w walce o zdrowe i pi\u0119kne w\u0142osy.<\/strong><\/p>\n\n\n\n<h2 class=\"wp-block-heading\"><span class=\"ez-toc-section\" id=\"FAQ\"><\/span>FAQ<span class=\"ez-toc-section-end\"><\/span><\/h2>\n\n\n\n<h3 class=\"wp-block-heading\"><span class=\"ez-toc-section\" id=\"Dlaczego_wypadaja_wlosy_po_ciazy\"><\/span>Dlaczego wypadaj\u0105 w\u0142osy po ci\u0105\u017cy?<span class=\"ez-toc-section-end\"><\/span><\/h3>\n\n\n\n<p>To efekt zmian hormonalnych \u2013 po porodzie spada poziom estrogen\u00f3w, co powoduje przej\u015bciowe wypadanie w\u0142os\u00f3w.<\/p>\n\n\n\n<h3 class=\"wp-block-heading\"><span class=\"ez-toc-section\" id=\"Czy_stres_powoduje_lysienie\"><\/span>Czy stres powoduje \u0142ysienie?<span class=\"ez-toc-section-end\"><\/span><\/h3>\n\n\n\n<p>Tak. Silny stres mo\u017ce zak\u0142\u00f3ci\u0107 cykl wzrostu w\u0142os\u00f3w i wywo\u0142a\u0107 tzw. telogenowe wypadanie w\u0142os\u00f3w.<\/p>\n\n\n\n<h3 class=\"wp-block-heading\"><span class=\"ez-toc-section\" id=\"Jak_zatrzymac_wypadanie_wlosow\"><\/span>Jak zatrzyma\u0107 wypadanie w\u0142os\u00f3w?<span class=\"ez-toc-section-end\"><\/span><\/h3>\n\n\n\n<p>Najpierw nale\u017cy ustali\u0107 przyczyn\u0119 \u2013 np. wykona\u0107 badanie u trychologa. Pomaga te\u017c zmiana diety i piel\u0119gnacji.<\/p>\n\n\n\n<h3 class=\"wp-block-heading\"><span class=\"ez-toc-section\" id=\"Ile_kosztuje_wizyta_u_trychologa\"><\/span>Ile kosztuje wizyta u trychologa?<span class=\"ez-toc-section-end\"><\/span><\/h3>\n\n\n\n<p>Wed\u0142ug danych z portalu kb.pl \u015brednia cena wizyty u trychologa w Polsce wynosi 261,00 z\u0142 brutto. Ceny r\u00f3\u017cni\u0105 si\u0119 w zale\u017cno\u015bci od miasta i zakresu us\u0142ug<\/p>\n","protected":false},"excerpt":{"rendered":"<p>Wyobra\u017a sobie poranek, gdy zauwa\u017casz coraz wi\u0119cej w\u0142os\u00f3w na szczotce. My\u015blisz: stres, sezonowa zmiana, mo\u017ce nowy szampon? Tymczasem przyczyny mog\u0105 si\u0119ga\u0107 g\u0142\u0119biej. Utrata kosmyk\u00f3w to efekt wielu czynnik\u00f3w \u2013 od genetyki i hormon\u00f3w po diet\u0119 i piel\u0119gnacyjne b\u0142\u0119dy. Co ciekawe, codziennie tracimy od 50 do 100 w\u0142os\u00f3w i jest to zupe\u0142nie naturalne (medihair.com). Natomiast je\u015bli [&hellip;]<\/p>\n","protected":false},"author":13,"featured_media":2055,"comment_status":"closed","ping_status":"closed","sticky":false,"template":"","format":"standard","meta":{"_lmt_disableupdate":"","_lmt_disable":"","footnotes":""},"categories":[1020],"tags":[],"class_list":["post-2053","post","type-post","status-publish","format-standard","has-post-thumbnail","hentry","category-porady-i-aktualnosci"],"aioseo_notices":[],"modified_by":"Karolina Grad","_links":{"self":[{"href":"https:\/\/medical.edu.pl\/aktualnosci\/wp-json\/wp\/v2\/posts\/2053","targetHints":{"allow":["GET"]}}],"collection":[{"href":"https:\/\/medical.edu.pl\/aktualnosci\/wp-json\/wp\/v2\/posts"}],"about":[{"href":"https:\/\/medical.edu.pl\/aktualnosci\/wp-json\/wp\/v2\/types\/post"}],"author":[{"embeddable":true,"href":"https:\/\/medical.edu.pl\/aktualnosci\/wp-json\/wp\/v2\/users\/13"}],"replies":[{"embeddable":true,"href":"https:\/\/medical.edu.pl\/aktualnosci\/wp-json\/wp\/v2\/comments?post=2053"}],"version-history":[{"count":1,"href":"https:\/\/medical.edu.pl\/aktualnosci\/wp-json\/wp\/v2\/posts\/2053\/revisions"}],"predecessor-version":[{"id":2056,"href":"https:\/\/medical.edu.pl\/aktualnosci\/wp-json\/wp\/v2\/posts\/2053\/revisions\/2056"}],"wp:featuredmedia":[{"embeddable":true,"href":"https:\/\/medical.edu.pl\/aktualnosci\/wp-json\/wp\/v2\/media\/2055"}],"wp:attachment":[{"href":"https:\/\/medical.edu.pl\/aktualnosci\/wp-json\/wp\/v2\/media?parent=2053"}],"wp:term":[{"taxonomy":"category","embeddable":true,"href":"https:\/\/medical.edu.pl\/aktualnosci\/wp-json\/wp\/v2\/categories?post=2053"},{"taxonomy":"post_tag","embeddable":true,"href":"https:\/\/medical.edu.pl\/aktualnosci\/wp-json\/wp\/v2\/tags?post=2053"}],"curies":[{"name":"wp","href":"https:\/\/api.w.org\/{rel}","templated":true}]}}