{"id":2049,"date":"2025-10-24T12:02:53","date_gmt":"2025-10-24T10:02:53","guid":{"rendered":"https:\/\/medical.edu.pl\/aktualnosci\/?p=2049"},"modified":"2025-10-24T12:02:53","modified_gmt":"2025-10-24T10:02:53","slug":"5-najczestszych-bledow-w-pielegnacji-wlosow","status":"publish","type":"post","link":"https:\/\/medical.edu.pl\/aktualnosci\/5-najczestszych-bledow-w-pielegnacji-wlosow\/","title":{"rendered":"5 najcz\u0119stszych b\u0142\u0119d\u00f3w w piel\u0119gnacji w\u0142os\u00f3w"},"content":{"rendered":"\n<p>Jakie s\u0105 najcz\u0119stsze b\u0142\u0119dy w piel\u0119gnacji w\u0142os\u00f3w? Zbyt cz\u0119ste mycie, niew\u0142a\u015bciwie dobrane kosmetyki czy brak ochrony przed s\u0142o\u0144cem to tylko niekt\u00f3re z nawyk\u00f3w, kt\u00f3re os\u0142abiaj\u0105 w\u0142osy i sk\u00f3r\u0119 g\u0142owy. W sonda\u017cu przeprowadzonym dla portalu biostat.com a\u017c <strong>61,4% uczestniczek zg\u0142osi\u0142o problemy z wypadaniem w\u0142os\u00f3w. To pokazuje, jak wa\u017cna staje si\u0119 dzi\u015b edukacja w zakresie w\u0142a\u015bciwej profilaktyki.<\/strong> Co to jest piel\u0119gnacja w\u0142os\u00f3w i jakie s\u0105 jej prawid\u0142owe zasady? Sprawdzamy!<\/p>\n\n\n\n<div id=\"ez-toc-container\" class=\"ez-toc-v2_0_76 counter-hierarchy ez-toc-counter ez-toc-grey ez-toc-container-direction\">\n<div class=\"ez-toc-title-container\">\n<span class=\"ez-toc-title-toggle\"><a href=\"#\" class=\"ez-toc-pull-right ez-toc-btn ez-toc-btn-xs ez-toc-btn-default ez-toc-toggle\" aria-label=\"Toggle Table of Content\"><span class=\"ez-toc-js-icon-con\"><span class=\"\"><span class=\"eztoc-hide\" style=\"display:none;\">Toggle<\/span><span class=\"ez-toc-icon-toggle-span\"><svg style=\"fill: #999;color:#999\" xmlns=\"http:\/\/www.w3.org\/2000\/svg\" class=\"list-377408\" width=\"20px\" height=\"20px\" viewBox=\"0 0 24 24\" fill=\"none\"><path d=\"M6 6H4v2h2V6zm14 0H8v2h12V6zM4 11h2v2H4v-2zm16 0H8v2h12v-2zM4 16h2v2H4v-2zm16 0H8v2h12v-2z\" fill=\"currentColor\"><\/path><\/svg><svg style=\"fill: #999;color:#999\" class=\"arrow-unsorted-368013\" xmlns=\"http:\/\/www.w3.org\/2000\/svg\" width=\"10px\" height=\"10px\" viewBox=\"0 0 24 24\" version=\"1.2\" baseProfile=\"tiny\"><path d=\"M18.2 9.3l-6.2-6.3-6.2 6.3c-.2.2-.3.4-.3.7s.1.5.3.7c.2.2.4.3.7.3h11c.3 0 .5-.1.7-.3.2-.2.3-.5.3-.7s-.1-.5-.3-.7zM5.8 14.7l6.2 6.3 6.2-6.3c.2-.2.3-.5.3-.7s-.1-.5-.3-.7c-.2-.2-.4-.3-.7-.3h-11c-.3 0-.5.1-.7.3-.2.2-.3.5-.3.7s.1.5.3.7z\"\/><\/svg><\/span><\/span><\/span><\/a><\/span><\/div>\n<nav><ul class='ez-toc-list ez-toc-list-level-1 ' ><li class='ez-toc-page-1 ez-toc-heading-level-2'><a class=\"ez-toc-link ez-toc-heading-1\" href=\"https:\/\/medical.edu.pl\/aktualnosci\/5-najczestszych-bledow-w-pielegnacji-wlosow\/#Dlaczego_temat_pielegnacji_wlosow_jest_tak_istotny\" >Dlaczego temat piel\u0119gnacji w\u0142os\u00f3w jest tak istotny?<\/a><\/li><li class='ez-toc-page-1 ez-toc-heading-level-2'><a class=\"ez-toc-link ez-toc-heading-2\" href=\"https:\/\/medical.edu.pl\/aktualnosci\/5-najczestszych-bledow-w-pielegnacji-wlosow\/#Jakie_sa_bledy_w_pielegnacji_wlosow\" >Jakie s\u0105 b\u0142\u0119dy w piel\u0119gnacji w\u0142os\u00f3w?<\/a><\/li><li class='ez-toc-page-1 ez-toc-heading-level-2'><a class=\"ez-toc-link ez-toc-heading-3\" href=\"https:\/\/medical.edu.pl\/aktualnosci\/5-najczestszych-bledow-w-pielegnacji-wlosow\/#Blad_1_Zbyt_czeste_lub_zbyt_rzadkie_mycie\" >B\u0142\u0105d 1. Zbyt cz\u0119ste lub zbyt rzadkie mycie<\/a><\/li><li class='ez-toc-page-1 ez-toc-heading-level-2'><a class=\"ez-toc-link ez-toc-heading-4\" href=\"https:\/\/medical.edu.pl\/aktualnosci\/5-najczestszych-bledow-w-pielegnacji-wlosow\/#Blad_2_Uzywanie_niewlasciwych_kosmetykow\" >B\u0142\u0105d 2. U\u017cywanie niew\u0142a\u015bciwych kosmetyk\u00f3w<\/a><\/li><li class='ez-toc-page-1 ez-toc-heading-level-2'><a class=\"ez-toc-link ez-toc-heading-5\" href=\"https:\/\/medical.edu.pl\/aktualnosci\/5-najczestszych-bledow-w-pielegnacji-wlosow\/#Blad_3_Naduzywanie_wysokiej_temperatury\" >B\u0142\u0105d 3. Nadu\u017cywanie wysokiej temperatury<\/a><\/li><li class='ez-toc-page-1 ez-toc-heading-level-2'><a class=\"ez-toc-link ez-toc-heading-6\" href=\"https:\/\/medical.edu.pl\/aktualnosci\/5-najczestszych-bledow-w-pielegnacji-wlosow\/#Blad_4_Bagatelizowanie_kondycji_skory_glowy\" >B\u0142\u0105d 4. Bagatelizowanie kondycji sk\u00f3ry g\u0142owy<\/a><\/li><li class='ez-toc-page-1 ez-toc-heading-level-2'><a class=\"ez-toc-link ez-toc-heading-7\" href=\"https:\/\/medical.edu.pl\/aktualnosci\/5-najczestszych-bledow-w-pielegnacji-wlosow\/#Blad_5_Brak_ochrony_przed_czynnikami_zewnetrznymi\" >B\u0142\u0105d 5. Brak ochrony przed czynnikami zewn\u0119trznymi<\/a><\/li><li class='ez-toc-page-1 ez-toc-heading-level-2'><a class=\"ez-toc-link ez-toc-heading-8\" href=\"https:\/\/medical.edu.pl\/aktualnosci\/5-najczestszych-bledow-w-pielegnacji-wlosow\/#Jak_zatem_bezpiecznie_stylizowac_wlosy_Poznaj_7_wskazowek\" >Jak zatem bezpiecznie stylizowa\u0107 w\u0142osy? Poznaj 7 wskaz\u00f3wek!<\/a><\/li><li class='ez-toc-page-1 ez-toc-heading-level-2'><a class=\"ez-toc-link ez-toc-heading-9\" href=\"https:\/\/medical.edu.pl\/aktualnosci\/5-najczestszych-bledow-w-pielegnacji-wlosow\/#Kolejnosc_pielegnacji_wlosow_%E2%80%93_jak_dbac_o_wlosy_prawidlowo\" >Kolejno\u015b\u0107 piel\u0119gnacji w\u0142os\u00f3w \u2013 jak dba\u0107 o w\u0142osy prawid\u0142owo?<\/a><\/li><li class='ez-toc-page-1 ez-toc-heading-level-2'><a class=\"ez-toc-link ez-toc-heading-10\" href=\"https:\/\/medical.edu.pl\/aktualnosci\/5-najczestszych-bledow-w-pielegnacji-wlosow\/#Kurs_trychologiczny_online_%E2%80%93_dlaczego_warto_sie_rozwijac_w_tej_branzy\" >Kurs trychologiczny online \u2013 dlaczego warto si\u0119 rozwija\u0107 w tej bran\u017cy?<\/a><\/li><li class='ez-toc-page-1 ez-toc-heading-level-2'><a class=\"ez-toc-link ez-toc-heading-11\" href=\"https:\/\/medical.edu.pl\/aktualnosci\/5-najczestszych-bledow-w-pielegnacji-wlosow\/#FAQ\" >FAQ<\/a><ul class='ez-toc-list-level-3' ><li class='ez-toc-heading-level-3'><a class=\"ez-toc-link ez-toc-heading-12\" href=\"https:\/\/medical.edu.pl\/aktualnosci\/5-najczestszych-bledow-w-pielegnacji-wlosow\/#Czy_mozna_myc_wlosy_codziennie\" >Czy mo\u017cna my\u0107 w\u0142osy codziennie?<\/a><\/li><li class='ez-toc-page-1 ez-toc-heading-level-3'><a class=\"ez-toc-link ez-toc-heading-13\" href=\"https:\/\/medical.edu.pl\/aktualnosci\/5-najczestszych-bledow-w-pielegnacji-wlosow\/#Jak_dbac_o_wlosy_z_lupiezem\" >Jak dba\u0107 o w\u0142osy z \u0142upie\u017cem?<\/a><\/li><li class='ez-toc-page-1 ez-toc-heading-level-3'><a class=\"ez-toc-link ez-toc-heading-14\" href=\"https:\/\/medical.edu.pl\/aktualnosci\/5-najczestszych-bledow-w-pielegnacji-wlosow\/#Czy_trycholog_leczy_wypadanie_wlosow\" >Czy trycholog leczy wypadanie w\u0142os\u00f3w?<\/a><\/li><li class='ez-toc-page-1 ez-toc-heading-level-3'><a class=\"ez-toc-link ez-toc-heading-15\" href=\"https:\/\/medical.edu.pl\/aktualnosci\/5-najczestszych-bledow-w-pielegnacji-wlosow\/#Co_to_jest_pielegnacja_wlosow_w_praktyce\" >Co to jest piel\u0119gnacja w\u0142os\u00f3w w praktyce?<\/a><\/li><\/ul><\/li><\/ul><\/nav><\/div>\n<h2 class=\"wp-block-heading\"><span class=\"ez-toc-section\" id=\"Dlaczego_temat_pielegnacji_wlosow_jest_tak_istotny\"><\/span>Dlaczego temat piel\u0119gnacji w\u0142os\u00f3w jest tak istotny?<span class=\"ez-toc-section-end\"><\/span><\/h2>\n\n\n\n<figure class=\"wp-block-image size-large\"><a href=\"https:\/\/medical.edu.pl\/kursy\/259\/kurs-trychologiczny\"><img loading=\"lazy\" decoding=\"async\" width=\"1024\" height=\"256\" src=\"https:\/\/medical.edu.pl\/aktualnosci\/wp-content\/uploads\/2018\/06\/baner_linkuj\u0105cy-1024x256.png\" alt=\"kolejno\u015b\u0107 piel\u0119gnacji w\u0142os\u00f3w\" class=\"wp-image-1027\" srcset=\"https:\/\/medical.edu.pl\/aktualnosci\/wp-content\/uploads\/2018\/06\/baner_linkuj\u0105cy-1024x256.png 1024w, https:\/\/medical.edu.pl\/aktualnosci\/wp-content\/uploads\/2018\/06\/baner_linkuj\u0105cy-300x75.png 300w, https:\/\/medical.edu.pl\/aktualnosci\/wp-content\/uploads\/2018\/06\/baner_linkuj\u0105cy-768x192.png 768w, https:\/\/medical.edu.pl\/aktualnosci\/wp-content\/uploads\/2018\/06\/baner_linkuj\u0105cy-696x174.png 696w, https:\/\/medical.edu.pl\/aktualnosci\/wp-content\/uploads\/2018\/06\/baner_linkuj\u0105cy.png 1040w\" sizes=\"auto, (max-width: 1024px) 100vw, 1024px\" \/><\/a><\/figure>\n\n\n\n<p>Piel\u0119gnacja w\u0142os\u00f3w to co\u015b wi\u0119cej ni\u017c kosmetyczne rytua\u0142y. To <strong>troska o zdrowie sk\u00f3ry g\u0142owy, mocne cebulki i odporno\u015b\u0107 w\u0142os\u00f3w na uszkodzenia mechaniczne i chemiczne<\/strong>. Wed\u0142ug danych ze strony trichopartner.pl w <strong>2023 roku powsta\u0142o ponad 30% nowych gabinet\u00f3w trychologicznych<\/strong>. To potwierdza wzrost \u015bwiadomo\u015bci spo\u0142ecznej w zakresie dbania o w\u0142osy i sk\u00f3r\u0119 g\u0142owy, a tak\u017ce coraz wi\u0119ksze zainteresowanie profesjonalnymi us\u0142ugami z tego obszaru.<\/p>\n\n\n\n<p>Jak unikn\u0105\u0107 popularnych b\u0142\u0119d\u00f3w, kt\u00f3re mog\u0105 prowadzi\u0107 do \u0142amliwo\u015bci w\u0142os\u00f3w, wypadania czy problem\u00f3w sk\u00f3rnych? Na te pytania odpowiemy w dalszej cz\u0119\u015bci artyku\u0142u.<\/p>\n\n\n\n<h2 class=\"wp-block-heading\"><span class=\"ez-toc-section\" id=\"Jakie_sa_bledy_w_pielegnacji_wlosow\"><\/span>Jakie s\u0105 b\u0142\u0119dy w piel\u0119gnacji w\u0142os\u00f3w?<span class=\"ez-toc-section-end\"><\/span><\/h2>\n\n\n\n<p>W piel\u0119gnacji w\u0142os\u00f3w \u0142atwo o pomy\u0142ki, kt\u00f3re z czasem wp\u0142ywaj\u0105 na ich kondycj\u0119 i wygl\u0105d. <strong>Warto wi\u0119c wiedzie\u0107, co mo\u017ce im szkodzi\u0107, by \u015bwiadomie unika\u0107 najcz\u0119stszych b\u0142\u0119d\u00f3w.<\/strong> Nawet drobne zaniedbania potrafi\u0105 zniweczy\u0107 efekty regularnej piel\u0119gnacji, dlatego kluczowe jest zrozumienie, jak w\u0142a\u015bciwie dba\u0107 o w\u0142osy na co dzie\u0144.<\/p>\n\n\n\n<p>Do najcz\u0119stszych b\u0142\u0119d\u00f3w w piel\u0119gnacji w\u0142os\u00f3w nale\u017c\u0105 zbyt cz\u0119ste lub zbyt rzadkie mycie, stosowanie niew\u0142a\u015bciwych kosmetyk\u00f3w, nadmierne u\u017cywanie wysokich temperatur, pomijanie piel\u0119gnacji sk\u00f3ry g\u0142owy oraz brak ochrony przed czynnikami zewn\u0119trznymi. O ka\u017cdym z tych b\u0142\u0119d\u00f3w przeczytasz poni\u017cej.<\/p>\n\n\n\n<h2 class=\"wp-block-heading\"><span class=\"ez-toc-section\" id=\"Blad_1_Zbyt_czeste_lub_zbyt_rzadkie_mycie\"><\/span>B\u0142\u0105d 1. Zbyt cz\u0119ste lub zbyt rzadkie mycie<span class=\"ez-toc-section-end\"><\/span><\/h2>\n\n\n\n<p>Mycie w\u0142os\u00f3w zbyt cz\u0119sto mo\u017ce prowadzi\u0107 do<strong> przesuszenia, os\u0142abienia cebulek i nadmiernego \u0142ojotoku.<\/strong> Z kolei zbyt rzadkie mycie powoduje nagromadzenie sebum, zanieczyszcze\u0144 i mo\u017ce sprzyja\u0107 powstawaniu \u0142upie\u017cu. Aby odpowiedzie\u0107 na pytanie, jak powinna wygl\u0105da\u0107 piel\u0119gnacja w\u0142os\u00f3w, warto zacz\u0105\u0107 od podstaw.<\/p>\n\n\n\n<p>Kluczowe znaczenie maj\u0105 tu dobre nawyki, regularno\u015b\u0107, a tak\u017ce:<\/p>\n\n\n\n<ul class=\"wp-block-list\">\n<li><strong>prawid\u0142owe dobieranie cz\u0119stotliwo\u015b\u0107 mycia<\/strong> do rodzaju w\u0142os\u00f3w i trybu \u017cycia;<\/li>\n\n\n\n<li><strong>stosowanie \u0142agodnych szampon\u00f3w<\/strong> dopasowanych do potrzeb sk\u00f3ry g\u0142owy;<\/li>\n\n\n\n<li><strong>unikanie gor\u0105cej wody,<\/strong> poniewa\u017c ta letnia najlepiej chroni sk\u00f3r\u0119 przed podra\u017cnieniami i zapobiega przesuszeniu w\u0142os\u00f3w.<\/li>\n<\/ul>\n\n\n\n<p>Je\u015bli chcesz wiedzie\u0107 wi\u0119cej o tym, jak przebiega \u015bwiadoma piel\u0119gnacja w\u0142os\u00f3w zapisz si\u0119 na <a href=\"https:\/\/medical.edu.pl\/kursy\/259\/kurs-trychologiczny\">Kurs Trychologiczny<\/a> na platformie medical.edu.pl. Dodatkowym atutem jest dost\u0119p do innowacyjnej platformy edukacyjnej, dzi\u0119ki kt\u00f3rej mo\u017cesz przyswaja\u0107 wiedz\u0119 w dogodnym czasie i tempie, bez konieczno\u015bci rezygnacji z dotychczasowej pracy.<\/p>\n\n\n\n<h2 class=\"wp-block-heading\"><span class=\"ez-toc-section\" id=\"Blad_2_Uzywanie_niewlasciwych_kosmetykow\"><\/span>B\u0142\u0105d 2. U\u017cywanie niew\u0142a\u015bciwych kosmetyk\u00f3w<span class=\"ez-toc-section-end\"><\/span><\/h2>\n\n\n\n<p>Nieprawid\u0142owy dob\u00f3r kosmetyk\u00f3w nale\u017cy do najcz\u0119stszych b\u0142\u0119d\u00f3w w piel\u0119gnacji w\u0142os\u00f3w. Cz\u0119sto <strong>kierujemy si\u0119 tylko zapachem lub mark\u0105<\/strong>, a nie potrzebami w\u0142os\u00f3w.<\/p>\n\n\n\n<p><strong>Konsekwencje stosowania z\u0142ych produkt\u00f3w obejmuj\u0105 nast\u0119puj\u0105ce skutki takie jak:<\/strong><\/p>\n\n\n\n<ul class=\"wp-block-list\">\n<li>nadmierne przesuszenie lub przet\u0142uszczanie;<\/li>\n\n\n\n<li>podra\u017cnienia sk\u00f3ry g\u0142owy;<\/li>\n\n\n\n<li>os\u0142abienie struktury w\u0142osa.<\/li>\n<\/ul>\n\n\n\n<p>Zanim wype\u0142nisz swoj\u0105 \u0142azienk\u0119 kolejnymi kosmetykami, zatrzymaj si\u0119 na chwil\u0119 i sprawd\u017a, <strong>jak \u015bwiadomie zadba\u0107 o piel\u0119gnacj\u0119 w\u0142os\u00f3w<\/strong>.<\/p>\n\n\n\n<p><strong>Oto kilka zasad, kt\u00f3re warto wzi\u0105\u0107 pod uwag\u0119:<\/strong><\/p>\n\n\n\n<ul class=\"wp-block-list\">\n<li>dobieraj kosmetyki do rodzaju w\u0142os\u00f3w i stanu sk\u00f3ry g\u0142owy;<\/li>\n\n\n\n<li>stosuj od\u017cywki i maski wzmacniaj\u0105ce w\u0142osy;<\/li>\n\n\n\n<li>zwracaj uwag\u0119 na sk\u0142ad produkt\u00f3w i unikaj nadmiaru silikon\u00f3w czy SLS.<\/li>\n<\/ul>\n\n\n\n<h2 class=\"wp-block-heading\"><span class=\"ez-toc-section\" id=\"Blad_3_Naduzywanie_wysokiej_temperatury\"><\/span>B\u0142\u0105d 3. Nadu\u017cywanie wysokiej temperatury<span class=\"ez-toc-section-end\"><\/span><\/h2>\n\n\n\n<p>Codzienne u\u017cywanie prostownic, lok\u00f3wek czy gor\u0105cego nawiewu suszarki jest jednym z najgro\u017aniejszych b\u0142\u0119d\u00f3w w piel\u0119gnacji w\u0142os\u00f3w. Badanie \u201eEffects of Temperature Treatments on Hair Curl Reversion and Damage\u201d wykaza\u0142o, \u017ce <strong>zabiegi stylizacji w temperaturze 220 \u00b0C powodowa\u0142y istotne uszkodzenia struktury w\u0142osa.<\/strong><\/p>\n\n\n\n<h2 class=\"wp-block-heading\"><span class=\"ez-toc-section\" id=\"Blad_4_Bagatelizowanie_kondycji_skory_glowy\"><\/span>B\u0142\u0105d 4. Bagatelizowanie kondycji sk\u00f3ry g\u0142owy<span class=\"ez-toc-section-end\"><\/span><\/h2>\n\n\n\n<p>Stan sk\u00f3ry g\u0142owy w du\u017cym stopniu determinuje wygl\u0105d i kondycj\u0119 w\u0142os\u00f3w. <strong>Niewystarczaj\u0105ca piel\u0119gnacja mo\u017ce prowadzi\u0107 do \u0142upie\u017cu, sw\u0119dzenia czy wypadania w\u0142os\u00f3w.<\/strong><\/p>\n\n\n\n<p>Aby utrzyma\u0107 j\u0105 w dobrej kondycji:<\/p>\n\n\n\n<ul class=\"wp-block-list\">\n<li><strong>oczyszczaj j\u0105 regularnie<\/strong> delikatnym peelingiem enzymatycznym lub szamponem oczyszczaj\u0105cym;<\/li>\n\n\n\n<li><strong>wykonuj masa\u017c sk\u00f3ry g\u0142owy<\/strong>, kt\u00f3ry poprawia mikrokr\u0105\u017cenie i wspiera wzrost w\u0142os\u00f3w;<\/li>\n\n\n\n<li><strong>zwracaj uwag\u0119 na oznaki problem\u00f3w<\/strong> takich jak sw\u0119dzenie, przet\u0142uszczanie czy \u0142uszczenie \u2013 i reaguj odpowiednimi preparatami piel\u0119gnacyjnymi.<\/li>\n<\/ul>\n\n\n\n<h2 class=\"wp-block-heading\"><span class=\"ez-toc-section\" id=\"Blad_5_Brak_ochrony_przed_czynnikami_zewnetrznymi\"><\/span>B\u0142\u0105d 5. Brak ochrony przed czynnikami zewn\u0119trznymi<span class=\"ez-toc-section-end\"><\/span><\/h2>\n\n\n\n<p>W\u0142osy s\u0105 nara\u017cone na <strong>s\u0142o\u0144ce, wiatr, mr\u00f3z czy zanieczyszczenia \u015brodowiska.<\/strong> Brak odpowiedniej ochrony prowadzi do przesuszenia, matowienia i \u0142amliwo\u015bci. Co wi\u0119cej, d\u0142ugotrwa\u0142a ekspozycja na s\u0142o\u0144ce lub niskie temperatury mo\u017ce os\u0142abia\u0107 cebulki, prowadz\u0105c do <strong>nadmiernego wypadania w\u0142os\u00f3w<\/strong>.<\/p>\n\n\n\n<p>Aby utrzyma\u0107 w\u0142osy w dobrej kondycji niezale\u017cnie od pogody, warto pami\u0119ta\u0107 o tym, aby:<\/p>\n\n\n\n<ul class=\"wp-block-list\">\n<li><strong>u\u017cywa\u0107 kosmetyk\u00f3w z filtrami UV<\/strong>, kt\u00f3re chroni\u0105 przed promieniowaniem s\u0142onecznym;<\/li>\n\n\n\n<li><strong>nosi\u0107 nakrycie g\u0142owy<\/strong> w czasie mrozu, silnego wiatru lub intensywnego s\u0142o\u0144ca;<\/li>\n\n\n\n<li><strong>si\u0119ga\u0107 po olejki i serum ochronne<\/strong> zabezpieczaj\u0105ce ko\u0144c\u00f3wki przed wysuszeniem;<\/li>\n\n\n\n<li><strong>unika\u0107 wychodzenia na mr\u00f3z z mokrymi w\u0142osami<\/strong>, poniewa\u017c niska temperatura mo\u017ce uszkodzi\u0107 ich struktur\u0119;<\/li>\n\n\n\n<li><strong>\u00a0sp\u0142ukiwa\u0107 dok\u0142adnie w\u0142osy czyst\u0105 wod\u0105 po k\u0105pieli w morzu lub basenie<\/strong>, by usun\u0105\u0107 s\u00f3l i chlor, kt\u00f3re os\u0142abiaj\u0105 ich kondycj\u0119.<\/li>\n<\/ul>\n\n\n\n<figure class=\"wp-block-image size-large\"><img loading=\"lazy\" decoding=\"async\" width=\"1024\" height=\"684\" src=\"https:\/\/medical.edu.pl\/aktualnosci\/wp-content\/uploads\/2025\/10\/swiadoma-pielegnacja-wlosow-1024x684.jpg\" alt=\"\u015bwiadoma piel\u0119gnacja w\u0142os\u00f3w\" class=\"wp-image-2050\" srcset=\"https:\/\/medical.edu.pl\/aktualnosci\/wp-content\/uploads\/2025\/10\/swiadoma-pielegnacja-wlosow-1024x684.jpg 1024w, https:\/\/medical.edu.pl\/aktualnosci\/wp-content\/uploads\/2025\/10\/swiadoma-pielegnacja-wlosow-300x200.jpg 300w, https:\/\/medical.edu.pl\/aktualnosci\/wp-content\/uploads\/2025\/10\/swiadoma-pielegnacja-wlosow-768x513.jpg 768w, https:\/\/medical.edu.pl\/aktualnosci\/wp-content\/uploads\/2025\/10\/swiadoma-pielegnacja-wlosow-1536x1025.jpg 1536w, https:\/\/medical.edu.pl\/aktualnosci\/wp-content\/uploads\/2025\/10\/swiadoma-pielegnacja-wlosow-2048x1367.jpg 2048w, https:\/\/medical.edu.pl\/aktualnosci\/wp-content\/uploads\/2025\/10\/swiadoma-pielegnacja-wlosow-696x465.jpg 696w, https:\/\/medical.edu.pl\/aktualnosci\/wp-content\/uploads\/2025\/10\/swiadoma-pielegnacja-wlosow-1068x713.jpg 1068w, https:\/\/medical.edu.pl\/aktualnosci\/wp-content\/uploads\/2025\/10\/swiadoma-pielegnacja-wlosow-629x420.jpg 629w\" sizes=\"auto, (max-width: 1024px) 100vw, 1024px\" \/><\/figure>\n\n\n\n<h2 class=\"wp-block-heading\"><span class=\"ez-toc-section\" id=\"Jak_zatem_bezpiecznie_stylizowac_wlosy_Poznaj_7_wskazowek\"><\/span>Jak zatem bezpiecznie stylizowa\u0107 w\u0142osy? Poznaj 7 wskaz\u00f3wek!<span class=\"ez-toc-section-end\"><\/span><\/h2>\n\n\n\n<p>Aby unikn\u0105\u0107 zniszcze\u0144 i zachowa\u0107 zdrowy wygl\u0105d w\u0142os\u00f3w, <strong>warto przestrzega\u0107 kilku prostych zasad stylizacji<\/strong>, o kt\u00f3rych wspominamy ni\u017cej.<\/p>\n\n\n\n<ol class=\"wp-block-list\">\n<li>Stosuj termoochron\u0119 przed ka\u017cdym u\u017cyciem urz\u0105dze\u0144 grzewczych \u2013 <strong>spray lub krem ochronny tworzy na w\u0142osach delikatn\u0105 barier\u0119<\/strong>, kt\u00f3ra chroni je przed przegrzaniem i utrat\u0105 wilgoci.<\/li>\n\n\n\n<li>Ogranicz cz\u0119stotliwo\u015b\u0107 prostowania lub lokowania w\u0142os\u00f3w \u2013 <strong>pozw\u00f3l swoim w\u0142osom odpocz\u0105\u0107, szczeg\u00f3lnie je\u015bli s\u0105 farbowane lub rozja\u015bniane<\/strong>, poniewa\u017c s\u0105 wtedy bardziej podatne na uszkodzenia i przesuszenie.<\/li>\n\n\n\n<li>Susz w\u0142osy naturalnie lub ch\u0142odnym nawiewem suszarki \u2013 <strong>ciep\u0142e powietrze stosuj jedynie na koniec, by delikatnie utrwali\u0107 kszta\u0142t fryzury<\/strong> bez ryzyka przesuszenia.<\/li>\n\n\n\n<li>Nie prostuj mokrych w\u0142os\u00f3w \u2013 <strong>wilgotny w\u0142os jest najbardziej podatny na uszkodzenia<\/strong>, a kontakt z gor\u0105c\u0105 p\u0142ytk\u0105 prostownicy mo\u017ce go dos\u0142ownie \u201eugotowa\u0107\u201d.<\/li>\n\n\n\n<li>Zainwestuj w urz\u0105dzenia z regulacj\u0105 temperatury \u2013 takie sprz\u0119ty umo\u017cliwiaj\u0105 dopasowanie poziomu ciep\u0142a do potrzeb w\u0142os\u00f3w. W przypadku cienkich i delikatnych wystarczy ni\u017csza temperatura, kt\u00f3ra skutecznie zapobiega przesuszeniu i uszkodzeniom.<\/li>\n\n\n\n<li>Regularnie przycinaj ko\u0144c\u00f3wki \u2013 to skuteczny spos\u00f3b na utrzymanie w\u0142os\u00f3w w dobrej kondycji \u2013 <strong>usuni\u0119cie suchych i zniszczonych partii zapobiega ich rozdwajaniu<\/strong> i poprawia og\u00f3lny wygl\u0105d fryzury.<\/li>\n\n\n\n<li>Wprowadzaj piel\u0119gnacj\u0119 regeneruj\u0105c\u0105 \u2013 <strong>warto po stylizacji zastosowa\u0107 maski z keratyn\u0105, olejami ro\u015blinnymi lub proteinami<\/strong>, kt\u00f3re odbudowuj\u0105 struktur\u0119 w\u0142osa i przywracaj\u0105 mu elastyczno\u015b\u0107.<\/li>\n<\/ol>\n\n\n\n<h2 class=\"wp-block-heading\"><span class=\"ez-toc-section\" id=\"Kolejnosc_pielegnacji_wlosow_%E2%80%93_jak_dbac_o_wlosy_prawidlowo\"><\/span>Kolejno\u015b\u0107 piel\u0119gnacji w\u0142os\u00f3w \u2013 jak dba\u0107 o w\u0142osy prawid\u0142owo?<span class=\"ez-toc-section-end\"><\/span><\/h2>\n\n\n\n<p>Warto wi\u0119c pami\u0119ta\u0107 o kilku zasadach, kt\u00f3re pomagaj\u0105 utrzyma\u0107 je w dobrej formie:<\/p>\n\n\n\n<ul class=\"wp-block-list\">\n<li><strong>dobieraj produkty<\/strong> do typu w\u0142os\u00f3w i sk\u00f3ry g\u0142owy;<\/li>\n\n\n\n<li><strong>zachowuj odpowiedni\u0105 kolejno\u015b\u0107 piel\u0119gnacji<\/strong>, czyli mycie, od\u017cywka, maska, ochrona;<\/li>\n\n\n\n<li><strong>regularnie podcinaj ko\u0144c\u00f3wki<\/strong>, by zapobiega\u0107 ich rozdwajaniu;<\/li>\n\n\n\n<li><strong>nie przesadzaj z ilo\u015bci\u0105 kosmetyk\u00f3w<\/strong>, bo nadmiar mo\u017ce obci\u0105\u017ca\u0107 w\u0142osy i os\u0142abia\u0107 ich struktur\u0119.<\/li>\n<\/ul>\n\n\n\n<p>Profesjonalna piel\u0119gnacja w\u0142os\u00f3w to tak\u017ce <strong>regularne konsultacje ze specjalistami.<\/strong> Kurs trychologiczny dost\u0119pny na platformie medical.edu.pl pozwala zdoby\u0107 niezb\u0119dne kompetencje dotycz\u0105ce diagnostyki trychologicznej czy psychologii w pracy tego specjalisty.<\/p>\n\n\n\n<p>Je\u015bli chcesz wiedzie\u0107 wi\u0119cej, sprawd\u017a naszego bloga i przeczytaj, <a href=\"https:\/\/medical.edu.pl\/aktualnosci\/czym-zajmuje-sie-trychologia\/\">czym zajmuje si\u0119 trychologia.<\/a><\/p>\n\n\n\n<h2 class=\"wp-block-heading\"><span class=\"ez-toc-section\" id=\"Kurs_trychologiczny_online_%E2%80%93_dlaczego_warto_sie_rozwijac_w_tej_branzy\"><\/span>Kurs trychologiczny online \u2013 dlaczego warto si\u0119 rozwija\u0107 w tej bran\u017cy?<span class=\"ez-toc-section-end\"><\/span><\/h2>\n\n\n\n<p>Kurs trychologiczny to mo\u017cliwo\u015b\u0107 zdobycia<strong> cennych umiej\u0119tno\u015bci w pracy z w\u0142osami i sk\u00f3r\u0105 g\u0142owy. <\/strong>Program kursu obejmuje mi\u0119dzy innymi:<\/p>\n\n\n\n<ul class=\"wp-block-list\">\n<li>techniki trichoskopii;<\/li>\n\n\n\n<li>marketing i zarz\u0105dzanie gabinetem;<\/li>\n\n\n\n<li>suplementacja i dieta wspieraj\u0105ca zdrowie w\u0142os\u00f3w.<\/li>\n<\/ul>\n\n\n\n<p>Nie czekaj \u2013 rozwijaj swoje kompetencje w trychologii i wprowad\u017a \u015bwiadom\u0105 piel\u0119gnacj\u0119 w\u0142os\u00f3w w praktyk\u0119. Bo <strong>pi\u0119kne i zdrowe w\u0142osy to nie tylko efekt dobrze dobranych kosmetyk\u00f3w<\/strong>. To tak\u017ce wynik codziennej troski i wiedzy, kt\u00f3r\u0105 warto wykorzystywa\u0107 zar\u00f3wno w pracy z klientami, jak i we w\u0142asnej piel\u0119gnacji.<\/p>\n\n\n\n<h2 class=\"wp-block-heading\"><span class=\"ez-toc-section\" id=\"FAQ\"><\/span>FAQ<span class=\"ez-toc-section-end\"><\/span><\/h2>\n\n\n\n<h3 class=\"wp-block-heading\"><span class=\"ez-toc-section\" id=\"Czy_mozna_myc_wlosy_codziennie\"><\/span>Czy mo\u017cna my\u0107 w\u0142osy codziennie?<span class=\"ez-toc-section-end\"><\/span><\/h3>\n\n\n\n<p>Tak, mo\u017cna my\u0107 w\u0142osy codziennie, o ile u\u017cywasz delikatnego szamponu dopasowanego do typu w\u0142os\u00f3w i sk\u00f3ry g\u0142owy. Wa\u017cne, by nie przesusza\u0107 ich nadmiernie i stosowa\u0107 piel\u0119gnacj\u0119 nawil\u017caj\u0105c\u0105 lub ochronn\u0105.<\/p>\n\n\n\n<h3 class=\"wp-block-heading\"><span class=\"ez-toc-section\" id=\"Jak_dbac_o_wlosy_z_lupiezem\"><\/span>Jak dba\u0107 o w\u0142osy z \u0142upie\u017cem?<span class=\"ez-toc-section-end\"><\/span><\/h3>\n\n\n\n<p>Stosuj szampony przeciw\u0142upie\u017cowe o dzia\u0142aniu leczniczym, regularnie wykonuj peeling sk\u00f3ry g\u0142owy i je\u015bli problem si\u0119 utrzymuje \u2013 skonsultuj si\u0119 z trychologiem lub dermatologiem.<\/p>\n\n\n\n<h3 class=\"wp-block-heading\"><span class=\"ez-toc-section\" id=\"Czy_trycholog_leczy_wypadanie_wlosow\"><\/span>Czy trycholog leczy wypadanie w\u0142os\u00f3w?<span class=\"ez-toc-section-end\"><\/span><\/h3>\n\n\n\n<p>Tak, przeprowadza diagnoz\u0119, ustala przyczyny i zaleca odpowiednie zabiegi lub produkty.<\/p>\n\n\n\n<h3 class=\"wp-block-heading\"><span class=\"ez-toc-section\" id=\"Co_to_jest_pielegnacja_wlosow_w_praktyce\"><\/span>Co to jest piel\u0119gnacja w\u0142os\u00f3w w praktyce?<span class=\"ez-toc-section-end\"><\/span><\/h3>\n\n\n\n<p>To zestaw czynno\u015bci dostosowanych do potrzeb w\u0142os\u00f3w i sk\u00f3ry g\u0142owy, obejmuj\u0105cy mycie, od\u017cywianie i ochron\u0119.<\/p>\n","protected":false},"excerpt":{"rendered":"<p>Jakie s\u0105 najcz\u0119stsze b\u0142\u0119dy w piel\u0119gnacji w\u0142os\u00f3w? Zbyt cz\u0119ste mycie, niew\u0142a\u015bciwie dobrane kosmetyki czy brak ochrony przed s\u0142o\u0144cem to tylko niekt\u00f3re z nawyk\u00f3w, kt\u00f3re os\u0142abiaj\u0105 w\u0142osy i sk\u00f3r\u0119 g\u0142owy. W sonda\u017cu przeprowadzonym dla portalu biostat.com a\u017c 61,4% uczestniczek zg\u0142osi\u0142o problemy z wypadaniem w\u0142os\u00f3w. To pokazuje, jak wa\u017cna staje si\u0119 dzi\u015b edukacja w zakresie w\u0142a\u015bciwej profilaktyki. [&hellip;]<\/p>\n","protected":false},"author":13,"featured_media":2051,"comment_status":"closed","ping_status":"closed","sticky":false,"template":"","format":"standard","meta":{"_lmt_disableupdate":"","_lmt_disable":"","footnotes":""},"categories":[1020],"tags":[],"class_list":["post-2049","post","type-post","status-publish","format-standard","has-post-thumbnail","hentry","category-porady-i-aktualnosci"],"aioseo_notices":[],"modified_by":"Karolina Grad","_links":{"self":[{"href":"https:\/\/medical.edu.pl\/aktualnosci\/wp-json\/wp\/v2\/posts\/2049","targetHints":{"allow":["GET"]}}],"collection":[{"href":"https:\/\/medical.edu.pl\/aktualnosci\/wp-json\/wp\/v2\/posts"}],"about":[{"href":"https:\/\/medical.edu.pl\/aktualnosci\/wp-json\/wp\/v2\/types\/post"}],"author":[{"embeddable":true,"href":"https:\/\/medical.edu.pl\/aktualnosci\/wp-json\/wp\/v2\/users\/13"}],"replies":[{"embeddable":true,"href":"https:\/\/medical.edu.pl\/aktualnosci\/wp-json\/wp\/v2\/comments?post=2049"}],"version-history":[{"count":1,"href":"https:\/\/medical.edu.pl\/aktualnosci\/wp-json\/wp\/v2\/posts\/2049\/revisions"}],"predecessor-version":[{"id":2052,"href":"https:\/\/medical.edu.pl\/aktualnosci\/wp-json\/wp\/v2\/posts\/2049\/revisions\/2052"}],"wp:featuredmedia":[{"embeddable":true,"href":"https:\/\/medical.edu.pl\/aktualnosci\/wp-json\/wp\/v2\/media\/2051"}],"wp:attachment":[{"href":"https:\/\/medical.edu.pl\/aktualnosci\/wp-json\/wp\/v2\/media?parent=2049"}],"wp:term":[{"taxonomy":"category","embeddable":true,"href":"https:\/\/medical.edu.pl\/aktualnosci\/wp-json\/wp\/v2\/categories?post=2049"},{"taxonomy":"post_tag","embeddable":true,"href":"https:\/\/medical.edu.pl\/aktualnosci\/wp-json\/wp\/v2\/tags?post=2049"}],"curies":[{"name":"wp","href":"https:\/\/api.w.org\/{rel}","templated":true}]}}