{"id":1989,"date":"2025-08-27T10:46:46","date_gmt":"2025-08-27T08:46:46","guid":{"rendered":"https:\/\/medical.edu.pl\/aktualnosci\/?p=1989"},"modified":"2025-08-27T10:46:46","modified_gmt":"2025-08-27T08:46:46","slug":"komu-przysluguje-legitymacja-osoby-niepelnosprawnej","status":"publish","type":"post","link":"https:\/\/medical.edu.pl\/aktualnosci\/komu-przysluguje-legitymacja-osoby-niepelnosprawnej\/","title":{"rendered":"Komu przys\u0142uguje legitymacja osoby niepe\u0142nosprawnej?"},"content":{"rendered":"\n<p>W Polsce, wed\u0142ug danych GUS, ponad 50% os\u00f3b z potwierdzon\u0105 niepe\u0142nosprawno\u015bci\u0105 to seniorzy powy\u017cej 65. roku \u017cycia. To pokazuje, \u017ce pytanie, komu przys\u0142uguje legitymacja osoby niepe\u0142nosprawnej, szczeg\u00f3lnie dotyczy os\u00f3b starszych, kt\u00f3re na co dzie\u0144 korzystaj\u0105 z ulg i u\u0142atwie\u0144. Sprawd\u017a, jakie warunki trzeba spe\u0142ni\u0107 i jakie korzy\u015bci niesie ze sob\u0105 ten dokument.<\/p>\n\n\n\n<div id=\"ez-toc-container\" class=\"ez-toc-v2_0_76 counter-hierarchy ez-toc-counter ez-toc-grey ez-toc-container-direction\">\n<div class=\"ez-toc-title-container\">\n<span class=\"ez-toc-title-toggle\"><a href=\"#\" class=\"ez-toc-pull-right ez-toc-btn ez-toc-btn-xs ez-toc-btn-default ez-toc-toggle\" aria-label=\"Toggle Table of Content\"><span class=\"ez-toc-js-icon-con\"><span class=\"\"><span class=\"eztoc-hide\" style=\"display:none;\">Toggle<\/span><span class=\"ez-toc-icon-toggle-span\"><svg style=\"fill: #999;color:#999\" xmlns=\"http:\/\/www.w3.org\/2000\/svg\" class=\"list-377408\" width=\"20px\" height=\"20px\" viewBox=\"0 0 24 24\" fill=\"none\"><path d=\"M6 6H4v2h2V6zm14 0H8v2h12V6zM4 11h2v2H4v-2zm16 0H8v2h12v-2zM4 16h2v2H4v-2zm16 0H8v2h12v-2z\" fill=\"currentColor\"><\/path><\/svg><svg style=\"fill: #999;color:#999\" class=\"arrow-unsorted-368013\" xmlns=\"http:\/\/www.w3.org\/2000\/svg\" width=\"10px\" height=\"10px\" viewBox=\"0 0 24 24\" version=\"1.2\" baseProfile=\"tiny\"><path d=\"M18.2 9.3l-6.2-6.3-6.2 6.3c-.2.2-.3.4-.3.7s.1.5.3.7c.2.2.4.3.7.3h11c.3 0 .5-.1.7-.3.2-.2.3-.5.3-.7s-.1-.5-.3-.7zM5.8 14.7l6.2 6.3 6.2-6.3c.2-.2.3-.5.3-.7s-.1-.5-.3-.7c-.2-.2-.4-.3-.7-.3h-11c-.3 0-.5.1-.7.3-.2.2-.3.5-.3.7s.1.5.3.7z\"\/><\/svg><\/span><\/span><\/span><\/a><\/span><\/div>\n<nav><ul class='ez-toc-list ez-toc-list-level-1 ' ><li class='ez-toc-page-1 ez-toc-heading-level-2'><a class=\"ez-toc-link ez-toc-heading-1\" href=\"https:\/\/medical.edu.pl\/aktualnosci\/komu-przysluguje-legitymacja-osoby-niepelnosprawnej\/#Kto_moze_otrzymac_legitymacje\" >Kto mo\u017ce otrzyma\u0107 legitymacj\u0119?<\/a><\/li><li class='ez-toc-page-1 ez-toc-heading-level-2'><a class=\"ez-toc-link ez-toc-heading-2\" href=\"https:\/\/medical.edu.pl\/aktualnosci\/komu-przysluguje-legitymacja-osoby-niepelnosprawnej\/#Jakie_dokumenty_sa_wymagane\" >Jakie dokumenty s\u0105 wymagane?<\/a><\/li><li class='ez-toc-page-1 ez-toc-heading-level-2'><a class=\"ez-toc-link ez-toc-heading-3\" href=\"https:\/\/medical.edu.pl\/aktualnosci\/komu-przysluguje-legitymacja-osoby-niepelnosprawnej\/#Jak_dlugo_jest_wazna_legitymacja\" >Jak d\u0142ugo jest wa\u017cna legitymacja?<\/a><\/li><li class='ez-toc-page-1 ez-toc-heading-level-2'><a class=\"ez-toc-link ez-toc-heading-4\" href=\"https:\/\/medical.edu.pl\/aktualnosci\/komu-przysluguje-legitymacja-osoby-niepelnosprawnej\/#Komu_przysluguje_legitymacja_%E2%80%93_lista_odbiorcow\" >Komu przys\u0142uguje legitymacja? \u2013 lista odbiorc\u00f3w<\/a><\/li><li class='ez-toc-page-1 ez-toc-heading-level-2'><a class=\"ez-toc-link ez-toc-heading-5\" href=\"https:\/\/medical.edu.pl\/aktualnosci\/komu-przysluguje-legitymacja-osoby-niepelnosprawnej\/#Korzysci_z_posiadania_legitymacji\" >Korzy\u015bci z posiadania legitymacji<\/a><\/li><li class='ez-toc-page-1 ez-toc-heading-level-2'><a class=\"ez-toc-link ez-toc-heading-6\" href=\"https:\/\/medical.edu.pl\/aktualnosci\/komu-przysluguje-legitymacja-osoby-niepelnosprawnej\/#Co_warto_wiedziec_na_start\" >Co warto wiedzie\u0107 na start?<\/a><\/li><li class='ez-toc-page-1 ez-toc-heading-level-2'><a class=\"ez-toc-link ez-toc-heading-7\" href=\"https:\/\/medical.edu.pl\/aktualnosci\/komu-przysluguje-legitymacja-osoby-niepelnosprawnej\/#Zostan_wsparciem_dla_osob_z_niepelnosprawnosciami\" >Zosta\u0144 wsparciem dla os\u00f3b z niepe\u0142nosprawno\u015bciami<\/a><\/li><li class='ez-toc-page-1 ez-toc-heading-level-2'><a class=\"ez-toc-link ez-toc-heading-8\" href=\"https:\/\/medical.edu.pl\/aktualnosci\/komu-przysluguje-legitymacja-osoby-niepelnosprawnej\/#Kurs_Asystent_osoby_niepelnosprawnej_%E2%80%93_oferta_medicaledupl\" >Kurs Asystent osoby niepe\u0142nosprawnej \u2013 oferta medical.edu.pl<\/a><\/li><li class='ez-toc-page-1 ez-toc-heading-level-2'><a class=\"ez-toc-link ez-toc-heading-9\" href=\"https:\/\/medical.edu.pl\/aktualnosci\/komu-przysluguje-legitymacja-osoby-niepelnosprawnej\/#Legitymacja_w_praktyce_%E2%80%93_dlaczego_warto_ja_miec\" >Legitymacja w praktyce \u2013 dlaczego warto j\u0105 mie\u0107?<\/a><\/li><\/ul><\/nav><\/div>\n<h2 class=\"wp-block-heading\"><span class=\"ez-toc-section\" id=\"Kto_moze_otrzymac_legitymacje\"><\/span>Kto mo\u017ce otrzyma\u0107 legitymacj\u0119?<span class=\"ez-toc-section-end\"><\/span><\/h2>\n\n\n\n<p>Prawo do otrzymania legitymacji przys\u0142uguje ka\u017cdej osobie, kt\u00f3ra posiada jedno z nast\u0119puj\u0105cych orzecze\u0144:<\/p>\n\n\n\n<ul class=\"wp-block-list\">\n<li>orzeczenie o <strong>niepe\u0142nosprawno\u015bci<\/strong> (dla dzieci do 16 r.\u017c.);<\/li>\n\n\n\n<li>orzeczenie o <strong>stopniu niepe\u0142nosprawno\u015bci<\/strong> (lekki, umiarkowany, znaczny \u2013 dla os\u00f3b powy\u017cej 16 r.\u017c.);<\/li>\n\n\n\n<li>orzeczenie o <strong>wskazaniach do ulg i uprawnie\u0144<\/strong>.<\/li>\n<\/ul>\n\n\n\n<p>Wniosek o wydanie legitymacji nale\u017cy z\u0142o\u017cy\u0107 do w\u0142a\u015bciwego dla miejsca zamieszkania <strong>powiatowego lub miejskiego zespo\u0142u ds. orzekania o niepe\u0142nosprawno\u015bci<\/strong>. Mo\u017ce to zrobi\u0107 sama osoba zainteresowana albo jej przedstawiciel ustawowy (np. rodzic, opiekun prawny, kurator).<\/p>\n\n\n\n<p>Trzeba pami\u0119ta\u0107, \u017ce legitymacja nie jest wydawana automatycznie po uzyskaniu orzeczenia \u2013 nale\u017cy o ni\u0105 zawnioskowa\u0107 oddzielnie.<\/p>\n\n\n\n<blockquote class=\"wp-block-quote is-layout-flow wp-block-quote-is-layout-flow\">\n<p><a href=\"https:\/\/medical.edu.pl\/asystent-osoby-niepelnosprawnej\"><em>ZADBAJ O KOMFORT I BEZPIECZE\u0143STWO SWOICH PODOPIECZNYCH \u2013 PODNIE\u015a SWOJE KOMPETENCJE JU\u017b DZI\u015a, ZAPISUJ\u0104C SI\u0118 NA \u201eKURS ASYSTENTA OSOBY NIEPE\u0141NOSPRAWNEJ\u201d!<\/em><\/a><\/p>\n<\/blockquote>\n\n\n\n<h2 class=\"wp-block-heading\"><span class=\"ez-toc-section\" id=\"Jakie_dokumenty_sa_wymagane\"><\/span>Jakie dokumenty s\u0105 wymagane?<span class=\"ez-toc-section-end\"><\/span><\/h2>\n\n\n\n<p>Aby otrzyma\u0107 legitymacj\u0119, niezb\u0119dne s\u0105 nast\u0119puj\u0105ce dokumenty:<\/p>\n\n\n\n<ul class=\"wp-block-list\">\n<li><strong>prawomocne orzeczenie<\/strong> o niepe\u0142nosprawno\u015bci lub o stopniu niepe\u0142nosprawno\u015bci (orygina\u0142 lub kopia potwierdzona za zgodno\u015b\u0107);<\/li>\n\n\n\n<li><strong>wniosek<\/strong> \u2013 poprawnie i czytelnie wype\u0142niony (formularz mo\u017cna pobra\u0107 ze strony internetowej urz\u0119du lub otrzyma\u0107 na miejscu);<\/li>\n\n\n\n<li><strong>fotografia<\/strong> o wymiarach 35\u202f\u00d7\u202f45 mm \u2013 aktualna i spe\u0142niaj\u0105ca standardy zdj\u0119\u0107 do dokument\u00f3w;<\/li>\n\n\n\n<li><strong>dow\u00f3d to\u017csamo\u015bci<\/strong> osoby ubiegaj\u0105cej si\u0119 o legitymacj\u0119 lub opiekuna (do wgl\u0105du).<\/li>\n<\/ul>\n\n\n\n<p>W przypadku dzieci lub os\u00f3b ubezw\u0142asnowolnionych \u2013 dokumenty potwierdzaj\u0105ce opiek\u0119 prawn\u0105 lub przedstawicielstwo ustawowe. Sprawd\u017a tak\u017ce, <a href=\"https:\/\/medical.edu.pl\/aktualnosci\/wniosek-o-wydanie-legitymacji-osoby-niepelnosprawnej-jak-go-wypelnic\/\">jak poprawnie wype\u0142ni\u0107 wniosek o wydanie legitymacji dla osoby niepe\u0142nosprawnej.<\/a><\/p>\n\n\n\n<h2 class=\"wp-block-heading\"><span class=\"ez-toc-section\" id=\"Jak_dlugo_jest_wazna_legitymacja\"><\/span>Jak d\u0142ugo jest wa\u017cna legitymacja?<span class=\"ez-toc-section-end\"><\/span><\/h2>\n\n\n\n<p>Okres wa\u017cno\u015bci legitymacji zale\u017cy bezpo\u015brednio od daty obowi\u0105zywania orzeczenia, ale istniej\u0105 ograniczenia maksymalne:<\/p>\n\n\n\n<ul class=\"wp-block-list\">\n<li><strong>do 5 lat<\/strong> \u2013 w przypadku legitymacji wydawanych na podstawie orzeczenia o niepe\u0142nosprawno\u015bci;<\/li>\n\n\n\n<li><strong>do 10 lat<\/strong> \u2013 w przypadku os\u00f3b z orzeczonym stopniem niepe\u0142nosprawno\u015bci, kt\u00f3re nie uko\u0144czy\u0142y 60. roku \u017cycia.<\/li>\n<\/ul>\n\n\n\n<p>Po up\u0142ywie terminu wa\u017cno\u015bci, konieczne jest z\u0142o\u017cenie nowego wniosku \u2013 pod warunkiem posiadania wa\u017cnego orzeczenia.<\/p>\n\n\n\n<h2 class=\"wp-block-heading\"><span class=\"ez-toc-section\" id=\"Komu_przysluguje_legitymacja_%E2%80%93_lista_odbiorcow\"><\/span>Komu przys\u0142uguje legitymacja? \u2013 lista odbiorc\u00f3w<span class=\"ez-toc-section-end\"><\/span><\/h2>\n\n\n\n<p>Poni\u017cej wska\u017cemy, komu przys\u0142uguje legitymacja osoby niepe\u0142nosprawnej. W praktyce taki dokument mog\u0105 otrzyma\u0107:<\/p>\n\n\n\n<ul class=\"wp-block-list\">\n<li><strong>osoby z niepe\u0142nosprawno\u015bciami<\/strong> \u2013 niezale\u017cnie od stopnia niepe\u0142nosprawno\u015bci, je\u015bli posiadaj\u0105 wa\u017cne orzeczenie;<\/li>\n\n\n\n<li><strong>dzieci do 16. roku \u017cycia<\/strong> \u2013 pod warunkiem posiadania orzeczenia o niepe\u0142nosprawno\u015bci;<\/li>\n\n\n\n<li>osoby z orzeczeniem o <strong>wskazaniach do ulg i uprawnie\u0144<\/strong>;<\/li>\n\n\n\n<li><strong>opiekunowie ustawowi<\/strong> \u2013 w imieniu swoich podopiecznych, mog\u0105 z\u0142o\u017cy\u0107 wniosek i odebra\u0107 dokument.<\/li>\n<\/ul>\n\n\n\n<h2 class=\"wp-block-heading\"><span class=\"ez-toc-section\" id=\"Korzysci_z_posiadania_legitymacji\"><\/span>Korzy\u015bci z posiadania legitymacji<span class=\"ez-toc-section-end\"><\/span><\/h2>\n\n\n\n<p>Cho\u0107 samo orzeczenie wystarcza, aby korzysta\u0107 z ustawowych uprawnie\u0144, to w\u0142a\u015bnie legitymacja sprawia, \u017ce mo\u017cna to robi\u0107 <strong>szybciej i \u0142atwiej<\/strong>. Ma wygodny, kieszonkowy format co u\u0142atwia przechowywanie i okazywanie w sytuacjach wymagaj\u0105cych potwierdzenia uprawnie\u0144.&nbsp;<\/p>\n\n\n\n<p>Przyk\u0142adowe korzy\u015bci obejmuj\u0105:<\/p>\n\n\n\n<ul class=\"wp-block-list\">\n<li><strong>zni\u017cki<\/strong> w komunikacji miejskiej i dalekobie\u017cnej (koleje, PKS);<\/li>\n\n\n\n<li><strong>ta\u0144sze bilety<\/strong> do muze\u00f3w, teatr\u00f3w, park\u00f3w narodowych;<\/li>\n\n\n\n<li><strong>priorytetowa obs\u0142uga<\/strong> w wielu urz\u0119dach i plac\u00f3wkach publicznych;<\/li>\n\n\n\n<li><strong>przywileje parkingowe<\/strong>, np. mo\u017cliwo\u015b\u0107 uzyskania karty parkingowej.<\/li>\n<\/ul>\n\n\n\n<p>Zatem je\u015bli zastanawiasz si\u0119, komu przys\u0142uguje legitymacja osoby niepe\u0142nosprawnej, odpowied\u017a powinna by\u0107 rozwa\u017cona nie tylko w kontek\u015bcie formalnym, ale i praktycznym \u2013 ten dokument to <strong>realne wsparcie w codzienno\u015bci.<\/strong><\/p>\n\n\n\n<h2 class=\"wp-block-heading\"><span class=\"ez-toc-section\" id=\"Co_warto_wiedziec_na_start\"><\/span>Co warto wiedzie\u0107 na start?<span class=\"ez-toc-section-end\"><\/span><\/h2>\n\n\n\n<p>Legitymacja osoby niepe\u0142nosprawnej to dokument wyposa\u017cony w nowoczesne funkcje, w tym kod QR umo\u017cliwiaj\u0105cy <strong>szybkie i \u0142atwe potwierdzenie jej autentyczno\u015bci<\/strong>. W kodzie zapisane s\u0105 m.in. numer PESEL oraz inne dane, natomiast symbol przyczyny niepe\u0142nosprawno\u015bci, stopie\u0144 i numer seryjny legitymacji pojawi\u0105 si\u0119 w nim dopiero po ich dodaniu do tradycyjnego dokumentu. Aby doda\u0107 te dane, nale\u017cy wype\u0142ni\u0107 wniosek.<\/p>\n\n\n\n<p>Wydanie legitymacji po raz pierwszy jest<strong> ca\u0142kowicie bezp\u0142atne<\/strong>. Natomiast w przypadku zagubienia, zniszczenia lub konieczno\u015bci uzyskania duplikatu, mo\u017ce zosta\u0107 naliczona op\u0142ata administracyjna w wysoko\u015bci 15 z\u0142.<\/p>\n\n\n\n<p>Je\u015bli kto\u015b posiada starsz\u0105 wersj\u0119 legitymacji, na przyk\u0142ad w formacie ksi\u0105\u017ceczkowym,<strong> nie ma obowi\u0105zku jej wymiany<\/strong>, pod warunkiem \u017ce dokument jest nadal wa\u017cny. Zachowuje on swoj\u0105 \u201emoc\u201d do ko\u0144ca wskazanego na nim terminu wa\u017cno\u015bci. Warto wspomnie\u0107, \u017ce do aplikacji mObywatel r\u00f3wnie\u017c mo\u017cna doda\u0107 opr\u00f3cz dowodu czy prawa jazdy tak\u017ce legitymacj\u0119 osoby niepe\u0142nosprawnej.<\/p>\n\n\n\n<h2 class=\"wp-block-heading\"><span class=\"ez-toc-section\" id=\"Zostan_wsparciem_dla_osob_z_niepelnosprawnosciami\"><\/span>Zosta\u0144 wsparciem dla os\u00f3b z niepe\u0142nosprawno\u015bciami<span class=\"ez-toc-section-end\"><\/span><\/h2>\n\n\n\n<p>Je\u015bli zawodowo lub prywatnie zajmujesz si\u0119 osobami z niepe\u0142nosprawno\u015bciami, rozwa\u017c zdobycie dodatkowych kwalifikacji. Jedn\u0105 z najbardziej poszukiwanych kompetencji na polskim rynku pracy, zw\u0142aszcza w sektorze us\u0142ug spo\u0142ecznych, jest zaw\u00f3d asystenta osoby niepe\u0142nosprawnej. Zapotrzebowanie na wykwalifikowanych asystent\u00f3w <strong>ro\u015bnie zar\u00f3wno w instytucjach publicznych, takich jak o\u015brodki pomocy spo\u0142ecznej, jak i w organizacjach pozarz\u0105dowych oraz prywatnych domach.<\/strong><\/p>\n\n\n\n<figure class=\"wp-block-image size-large\"><img loading=\"lazy\" decoding=\"async\" width=\"1024\" height=\"683\" src=\"https:\/\/medical.edu.pl\/aktualnosci\/wp-content\/uploads\/2025\/08\/sprawdz-komu-przysluguje-legitymacja-osoby-niepelnosprawnej-1024x683.jpg\" alt=\"sprawdz komu przys\u0142uguje legitymacja osoby niepe\u0142nosprawnej\" class=\"wp-image-1990\" srcset=\"https:\/\/medical.edu.pl\/aktualnosci\/wp-content\/uploads\/2025\/08\/sprawdz-komu-przysluguje-legitymacja-osoby-niepelnosprawnej-1024x683.jpg 1024w, https:\/\/medical.edu.pl\/aktualnosci\/wp-content\/uploads\/2025\/08\/sprawdz-komu-przysluguje-legitymacja-osoby-niepelnosprawnej-300x200.jpg 300w, https:\/\/medical.edu.pl\/aktualnosci\/wp-content\/uploads\/2025\/08\/sprawdz-komu-przysluguje-legitymacja-osoby-niepelnosprawnej-768x512.jpg 768w, https:\/\/medical.edu.pl\/aktualnosci\/wp-content\/uploads\/2025\/08\/sprawdz-komu-przysluguje-legitymacja-osoby-niepelnosprawnej-1536x1024.jpg 1536w, https:\/\/medical.edu.pl\/aktualnosci\/wp-content\/uploads\/2025\/08\/sprawdz-komu-przysluguje-legitymacja-osoby-niepelnosprawnej-2048x1365.jpg 2048w, https:\/\/medical.edu.pl\/aktualnosci\/wp-content\/uploads\/2025\/08\/sprawdz-komu-przysluguje-legitymacja-osoby-niepelnosprawnej-696x464.jpg 696w, https:\/\/medical.edu.pl\/aktualnosci\/wp-content\/uploads\/2025\/08\/sprawdz-komu-przysluguje-legitymacja-osoby-niepelnosprawnej-1068x712.jpg 1068w, https:\/\/medical.edu.pl\/aktualnosci\/wp-content\/uploads\/2025\/08\/sprawdz-komu-przysluguje-legitymacja-osoby-niepelnosprawnej-630x420.jpg 630w\" sizes=\"auto, (max-width: 1024px) 100vw, 1024px\" \/><\/figure>\n\n\n\n<p>Praca w tym zawodzie nie tylko przynosi realne wsparcie osobom wymagaj\u0105cym opieki, ale tak\u017ce <strong>daje poczucie sensu i satysfakcji zawodowej<\/strong>. Wymaga empatii, odpowiedzialno\u015bci oraz dobrej organizacji pracy, ale w zamian oferuje stabilne zatrudnienie i mo\u017cliwo\u015b\u0107 ci\u0105g\u0142ego rozwoju. W wielu samorz\u0105dach uruchamiane s\u0105 tak\u017ce programy finansuj\u0105ce szkolenia dla przysz\u0142ych asystent\u00f3w, co u\u0142atwia rozpocz\u0119cie kariery w tym obszarze.<\/p>\n\n\n\n<h2 class=\"wp-block-heading\"><span class=\"ez-toc-section\" id=\"Kurs_Asystent_osoby_niepelnosprawnej_%E2%80%93_oferta_medicaledupl\"><\/span>Kurs Asystent osoby niepe\u0142nosprawnej \u2013 oferta medical.edu.pl<span class=\"ez-toc-section-end\"><\/span><\/h2>\n\n\n\n<p>Krajowy Instytut Medyczny przygotowa\u0142 kompleksowy kurs online dla przysz\u0142ych asystent\u00f3w. W toku jego trwania zdobywasz wiedz\u0119 z zakresu anatomii, psychologii, pedagogiki oraz komunikacji z osob\u0105 niepe\u0142nosprawn\u0105. Uczysz si\u0119 te\u017c podstaw j\u0119zyka migowego oraz zasad pracy z osobami z r\u00f3\u017cnymi rodzajami niepe\u0142nosprawno\u015bci.<\/p>\n\n\n\n<p>Kurs dost\u0119pny w ofercie medical.edu.pl przygotowuje do pracy zar\u00f3wno w Polsce, jak i za granic\u0105. Mo\u017cliwe miejsca zatrudnienia to m.in.<strong> domy opieki spo\u0142ecznej, hospicja, o\u015brodki terapeutyczne, a tak\u017ce praca indywidualna jako asystent osobisty. <\/strong>Wi\u0119cej informacji znajdziesz na stronie:<a href=\"https:\/\/medical.edu.pl\/asystent-osoby-niepelnosprawnej\"> https:\/\/medical.edu.pl\/asystent-osoby-niepelnosprawnej<\/a>.<\/p>\n\n\n\n<h2 class=\"wp-block-heading\"><span class=\"ez-toc-section\" id=\"Legitymacja_w_praktyce_%E2%80%93_dlaczego_warto_ja_miec\"><\/span>Legitymacja w praktyce \u2013 dlaczego warto j\u0105 mie\u0107?<span class=\"ez-toc-section-end\"><\/span><\/h2>\n\n\n\n<p>Na pytanie komu przys\u0142uguje legitymacja osoby niepe\u0142nosprawnej, mo\u017cna odpowiedzie\u0107 bardzo jasno i szybko: ka\u017cdemu z aktualnym orzeczeniem. Ale jeszcze wa\u017cniejsze pytanie brzmi \u2013 dlaczego warto j\u0105 mie\u0107?<\/p>\n\n\n\n<p>Bo to dokument, kt\u00f3ry <strong>znacz\u0105co u\u0142atwia \u017cycie<\/strong> \u2013 potwierdza status osoby niepe\u0142nosprawnej bez konieczno\u015bci noszenia dokumentacji medycznej, pozwala na szybszy dost\u0119p do ulg i traktowanie z wi\u0119kszym zrozumieniem. Dzi\u0119ki niej mo\u017cna zyska\u0107 nie tylko <strong>oszcz\u0119dno\u015b\u0107 czasu i pieni\u0119dzy, ale r\u00f3wnie\u017c poczucie wi\u0119kszej niezale\u017cno\u015bci.<\/strong><\/p>\n\n\n\n<p>Je\u015bli opiekujesz si\u0119 osob\u0105 z niepe\u0142nosprawno\u015bci\u0105 \u2013 zadbaj nie tylko o formalno\u015bci, ale i o w\u0142asne kompetencje. Zapisz si\u0119 na \u201e<a href=\"https:\/\/medical.edu.pl\/kursy\/134\/kurs-asystenta-osoby-niepelnosprawnej\">Kurs Asystenta Osoby Niepe\u0142nosprawne<\/a>j\u201d na medical.edu.pl i zyskaj skuteczne narz\u0119dzia, by lepiej pomaga\u0107.<\/p>\n","protected":false},"excerpt":{"rendered":"<p>W Polsce, wed\u0142ug danych GUS, ponad 50% os\u00f3b z potwierdzon\u0105 niepe\u0142nosprawno\u015bci\u0105 to seniorzy powy\u017cej 65. roku \u017cycia. To pokazuje, \u017ce pytanie, komu przys\u0142uguje legitymacja osoby niepe\u0142nosprawnej, szczeg\u00f3lnie dotyczy os\u00f3b starszych, kt\u00f3re na co dzie\u0144 korzystaj\u0105 z ulg i u\u0142atwie\u0144. Sprawd\u017a, jakie warunki trzeba spe\u0142ni\u0107 i jakie korzy\u015bci niesie ze sob\u0105 ten dokument. Kto mo\u017ce otrzyma\u0107 [&hellip;]<\/p>\n","protected":false},"author":13,"featured_media":1991,"comment_status":"closed","ping_status":"closed","sticky":false,"template":"","format":"standard","meta":{"_lmt_disableupdate":"","_lmt_disable":"","footnotes":""},"categories":[1020],"tags":[],"class_list":["post-1989","post","type-post","status-publish","format-standard","has-post-thumbnail","hentry","category-porady-i-aktualnosci"],"aioseo_notices":[],"modified_by":"Karolina Grad","_links":{"self":[{"href":"https:\/\/medical.edu.pl\/aktualnosci\/wp-json\/wp\/v2\/posts\/1989","targetHints":{"allow":["GET"]}}],"collection":[{"href":"https:\/\/medical.edu.pl\/aktualnosci\/wp-json\/wp\/v2\/posts"}],"about":[{"href":"https:\/\/medical.edu.pl\/aktualnosci\/wp-json\/wp\/v2\/types\/post"}],"author":[{"embeddable":true,"href":"https:\/\/medical.edu.pl\/aktualnosci\/wp-json\/wp\/v2\/users\/13"}],"replies":[{"embeddable":true,"href":"https:\/\/medical.edu.pl\/aktualnosci\/wp-json\/wp\/v2\/comments?post=1989"}],"version-history":[{"count":1,"href":"https:\/\/medical.edu.pl\/aktualnosci\/wp-json\/wp\/v2\/posts\/1989\/revisions"}],"predecessor-version":[{"id":1992,"href":"https:\/\/medical.edu.pl\/aktualnosci\/wp-json\/wp\/v2\/posts\/1989\/revisions\/1992"}],"wp:featuredmedia":[{"embeddable":true,"href":"https:\/\/medical.edu.pl\/aktualnosci\/wp-json\/wp\/v2\/media\/1991"}],"wp:attachment":[{"href":"https:\/\/medical.edu.pl\/aktualnosci\/wp-json\/wp\/v2\/media?parent=1989"}],"wp:term":[{"taxonomy":"category","embeddable":true,"href":"https:\/\/medical.edu.pl\/aktualnosci\/wp-json\/wp\/v2\/categories?post=1989"},{"taxonomy":"post_tag","embeddable":true,"href":"https:\/\/medical.edu.pl\/aktualnosci\/wp-json\/wp\/v2\/tags?post=1989"}],"curies":[{"name":"wp","href":"https:\/\/api.w.org\/{rel}","templated":true}]}}